{"id":13407,"date":"2026-01-16T04:44:28","date_gmt":"2026-01-16T03:44:28","guid":{"rendered":"https:\/\/chrysalid2-0.fr\/psycho-energie\/?p=13407"},"modified":"2026-01-17T05:21:36","modified_gmt":"2026-01-17T04:21:36","slug":"2026-commence-t-elle-vraiment-en-janvier","status":"publish","type":"post","link":"https:\/\/chrysalid2-0.fr\/psycho-energie\/2026-commence-t-elle-vraiment-en-janvier\/","title":{"rendered":"2026 commence-t-elle vraiment en janvier ?"},"content":{"rendered":"\t\t<div data-elementor-type=\"wp-post\" data-elementor-id=\"13407\" class=\"elementor elementor-13407\">\n\t\t\t\t\t\t<section class=\"elementor-section elementor-top-section elementor-element elementor-element-bceac02 elementor-section-boxed elementor-section-height-default elementor-section-height-default wpr-particle-no wpr-jarallax-no wpr-parallax-no wpr-sticky-section-no wpr-equal-height-no\" data-id=\"bceac02\" data-element_type=\"section\" data-e-type=\"section\">\n\t\t\t\t\t\t<div class=\"elementor-container elementor-column-gap-default\">\n\t\t\t\t\t<div class=\"elementor-column elementor-col-100 elementor-top-column elementor-element elementor-element-ca1974b\" data-id=\"ca1974b\" data-element_type=\"column\" data-e-type=\"column\">\n\t\t\t<div class=\"elementor-widget-wrap elementor-element-populated\">\n\t\t\t\t\t\t<div class=\"elementor-element elementor-element-d03a798 elementor-widget elementor-widget-image\" data-id=\"d03a798\" data-element_type=\"widget\" data-e-type=\"widget\" data-widget_type=\"image.default\">\n\t\t\t\t<div class=\"elementor-widget-container\">\n\t\t\t\t\t\t\t\t\t\t\t\t\t\t\t<img decoding=\"async\" src=\"https:\/\/chrysalid2-0.fr\/psycho-energie\/wp-content\/uploads\/sites\/4\/elementor\/thumbs\/couverture-newsletter-2025.01.16-rhrqrpcqsdnwvr1wrvykcpj5jcwkwboub8z0646f94.jpg\" title=\"couverture-newsletter-2025.01.16\" alt=\"couverture-newsletter-2025.01.16\" loading=\"lazy\" \/>\t\t\t\t\t\t\t\t\t\t\t\t\t\t\t<\/div>\n\t\t\t\t<\/div>\n\t\t\t\t<div class=\"elementor-element elementor-element-159c036 elementor-widget elementor-widget-text-editor\" data-id=\"159c036\" data-element_type=\"widget\" data-e-type=\"widget\" data-widget_type=\"text-editor.default\">\n\t\t\t\t<div class=\"elementor-widget-container\">\n\t\t\t\t\t\t\t\t\t<p>Il y a deux ans, dans ma toute premi\u00e8re newsletter, j\u2019avais \u00e9crit comme objectif pour 2024 :<\/p>\t\t\t\t\t\t\t\t<\/div>\n\t\t\t\t<\/div>\n\t\t\t\t<div class=\"elementor-element elementor-element-80a2024 elementor-widget elementor-widget-text-editor\" data-id=\"80a2024\" data-element_type=\"widget\" data-e-type=\"widget\" data-widget_type=\"text-editor.default\">\n\t\t\t\t<div class=\"elementor-widget-container\">\n\t\t\t\t\t\t\t\t\t<p><span style=\"font-style: inherit; font-weight: inherit; letter-spacing: -0.3px;\">\u00ab \u00c9crire d\u2019autres newsletters (ce serait dommage de m\u2019arr\u00eater l\u00e0 !) \u00bb<\/span><\/p>\t\t\t\t\t\t\t\t<\/div>\n\t\t\t\t<\/div>\n\t\t\t\t<div class=\"elementor-element elementor-element-bf5f0a7 elementor-widget elementor-widget-text-editor\" data-id=\"bf5f0a7\" data-element_type=\"widget\" data-e-type=\"widget\" data-widget_type=\"text-editor.default\">\n\t\t\t\t<div class=\"elementor-widget-container\">\n\t\t\t\t\t\t\t\t\t<p><span style=\"font-style: inherit; font-weight: inherit; letter-spacing: -0.3px;\">Il m\u2019en aura fallu du temps, le temps de r\u00e9aliser certains essentiels : vendre ma maison, d\u00e9m\u00e9nager dans un lieu juste pour moi et mon fils, retrouver un local, rouvrir mon cabinet, &#8230; avant de pouvoir revenir ici, aujourd\u2019hui, <\/span><b style=\"font-style: inherit; color: #990099; letter-spacing: -0.3px;\">au moment le plus juste.<\/b><\/p>\t\t\t\t\t\t\t\t<\/div>\n\t\t\t\t<\/div>\n\t\t\t\t<div class=\"elementor-element elementor-element-1cf44ac elementor-widget elementor-widget-image\" data-id=\"1cf44ac\" data-element_type=\"widget\" data-e-type=\"widget\" data-widget_type=\"image.default\">\n\t\t\t\t<div class=\"elementor-widget-container\">\n\t\t\t\t\t\t\t\t\t\t\t\t\t\t\t<img fetchpriority=\"high\" decoding=\"async\" width=\"1024\" height=\"368\" src=\"https:\/\/chrysalid2-0.fr\/psycho-energie\/wp-content\/uploads\/sites\/4\/2026\/01\/image-en-tete0-1024x368.jpg\" class=\"attachment-large size-large wp-image-13409\" alt=\"illustration \u00e9tapes 2025\" srcset=\"https:\/\/chrysalid2-0.fr\/psycho-energie\/wp-content\/uploads\/sites\/4\/2026\/01\/image-en-tete0-1024x368.jpg 1024w, https:\/\/chrysalid2-0.fr\/psycho-energie\/wp-content\/uploads\/sites\/4\/2026\/01\/image-en-tete0-300x108.jpg 300w, https:\/\/chrysalid2-0.fr\/psycho-energie\/wp-content\/uploads\/sites\/4\/2026\/01\/image-en-tete0-768x276.jpg 768w, https:\/\/chrysalid2-0.fr\/psycho-energie\/wp-content\/uploads\/sites\/4\/2026\/01\/image-en-tete0.jpg 1497w\" sizes=\"(max-width: 1024px) 100vw, 1024px\" \/>\t\t\t\t\t\t\t\t\t\t\t\t\t\t\t<\/div>\n\t\t\t\t<\/div>\n\t\t\t\t\t<\/div>\n\t\t<\/div>\n\t\t\t\t\t<\/div>\n\t\t<\/section>\n\t\t\t\t<section class=\"elementor-section elementor-top-section elementor-element elementor-element-726fde3 elementor-section-boxed elementor-section-height-default elementor-section-height-default wpr-particle-no wpr-jarallax-no wpr-parallax-no wpr-sticky-section-no wpr-equal-height-no\" data-id=\"726fde3\" data-element_type=\"section\" data-e-type=\"section\">\n\t\t\t\t\t\t<div class=\"elementor-container elementor-column-gap-default\">\n\t\t\t\t\t<div class=\"elementor-column elementor-col-100 elementor-top-column elementor-element elementor-element-e0305c0\" data-id=\"e0305c0\" data-element_type=\"column\" data-e-type=\"column\">\n\t\t\t<div class=\"elementor-widget-wrap elementor-element-populated\">\n\t\t\t\t\t\t<div class=\"elementor-element elementor-element-3e4fe0b elementor-widget elementor-widget-heading\" data-id=\"3e4fe0b\" data-element_type=\"widget\" data-e-type=\"widget\" data-widget_type=\"heading.default\">\n\t\t\t\t<div class=\"elementor-widget-container\">\n\t\t\t\t\t<h2 class=\"elementor-heading-title elementor-size-default\">\u2728D\u00e9but 2026 : et si nous n\u2019\u00e9tions pas en retard, mais en transition ?<\/h2>\t\t\t\t<\/div>\n\t\t\t\t<\/div>\n\t\t\t\t<section class=\"elementor-section elementor-inner-section elementor-element elementor-element-42079d3 elementor-section-boxed elementor-section-height-default elementor-section-height-default wpr-particle-no wpr-jarallax-no wpr-parallax-no wpr-sticky-section-no wpr-equal-height-no\" data-id=\"42079d3\" data-element_type=\"section\" data-e-type=\"section\">\n\t\t\t\t\t\t<div class=\"elementor-container elementor-column-gap-default\">\n\t\t\t\t\t<div class=\"elementor-column elementor-col-50 elementor-inner-column elementor-element elementor-element-5070345\" data-id=\"5070345\" data-element_type=\"column\" data-e-type=\"column\">\n\t\t\t<div class=\"elementor-widget-wrap elementor-element-populated\">\n\t\t\t\t\t\t<div class=\"elementor-element elementor-element-1687173 elementor-widget elementor-widget-text-editor\" data-id=\"1687173\" data-element_type=\"widget\" data-e-type=\"widget\" data-widget_type=\"text-editor.default\">\n\t\t\t\t<div class=\"elementor-widget-container\">\n\t\t\t\t\t\t\t\t\t<p>Nous sommes le 16 janvier 2026.<br \/><span style=\"font-style: inherit; font-weight: inherit; letter-spacing: -0.3px;\">Et je n\u2019ai pas encore souhait\u00e9 la bonne ann\u00e9e.<br \/><\/span><span style=\"font-style: inherit; font-weight: inherit; letter-spacing: -0.3px;\">Non par oubli.<br \/><\/span><span style=\"font-style: inherit; font-weight: inherit; letter-spacing: -0.3px;\">Mais parce que, pour moi, <\/span><span style=\"font-style: inherit; color: #990099; letter-spacing: -0.3px;\"><b>quelque chose ne commence pas encore.<\/b><\/span><\/p>\t\t\t\t\t\t\t\t<\/div>\n\t\t\t\t<\/div>\n\t\t\t\t\t<\/div>\n\t\t<\/div>\n\t\t\t\t<div class=\"elementor-column elementor-col-50 elementor-inner-column elementor-element elementor-element-a8ed278\" data-id=\"a8ed278\" data-element_type=\"column\" data-e-type=\"column\">\n\t\t\t<div class=\"elementor-widget-wrap elementor-element-populated\">\n\t\t\t\t\t\t<div class=\"elementor-element elementor-element-6c1a8a8 elementor-widget elementor-widget-image\" data-id=\"6c1a8a8\" data-element_type=\"widget\" data-e-type=\"widget\" data-widget_type=\"image.default\">\n\t\t\t\t<div class=\"elementor-widget-container\">\n\t\t\t\t\t\t\t\t\t\t\t\t\t\t\t<img decoding=\"async\" src=\"https:\/\/chrysalid2-0.fr\/psycho-energie\/wp-content\/uploads\/sites\/4\/elementor\/thumbs\/image-en-tete4-rhrcwnvirm297jknzcnl832t0u5014079uaaxe0hvk.jpg\" title=\"image-en-tete4\" alt=\"image-en-tete4\" loading=\"lazy\" \/>\t\t\t\t\t\t\t\t\t\t\t\t\t\t\t<\/div>\n\t\t\t\t<\/div>\n\t\t\t\t\t<\/div>\n\t\t<\/div>\n\t\t\t\t\t<\/div>\n\t\t<\/section>\n\t\t\t\t<div class=\"elementor-element elementor-element-7a3cf60 elementor-widget elementor-widget-text-editor\" data-id=\"7a3cf60\" data-element_type=\"widget\" data-e-type=\"widget\" data-widget_type=\"text-editor.default\">\n\t\t\t\t<div class=\"elementor-widget-container\">\n\t\t\t\t\t\t\t\t\tDepuis toujours, je ressens un l\u00e9ger d\u00e9calage avec cette injonction collective \u00e0 <span style=\"font-style: inherit; color: #990099; letter-spacing: -0.3px;\"><b>\u00ab red\u00e9marrer \u00bb le 1er janvier<\/b> <\/span>: faire des v\u0153ux, poser des r\u00e9solutions, repartir de z\u00e9ro \u2026 alors m\u00eame que, int\u00e9rieurement, le mouvement n\u2019y est pas. <span style=\"font-style: inherit; color: #990099; letter-spacing: -0.3px;\"><b>Pas encore<\/b><\/span><b>.<\/b>\n<span style=\"font-style: inherit; letter-spacing: -0.3px;\">Ces derni\u00e8res semaines, ce ressenti s\u2019est amplifi\u00e9.\n<\/span><span style=\"font-style: inherit; letter-spacing: -0.3px;\">Et en observant autour de moi, je r\u00e9alise que<\/span> <span style=\"font-style: inherit; color: #990099; letter-spacing: -0.3px;\"><b>je suis loin d\u2019\u00eatre la seule<\/b><\/span><span style=\"font-weight: inherit; font-style: inherit; letter-spacing: -0.3px;\">.<\/span>\t\t\t\t\t\t\t\t<\/div>\n\t\t\t\t<\/div>\n\t\t\t\t\t<\/div>\n\t\t<\/div>\n\t\t\t\t\t<\/div>\n\t\t<\/section>\n\t\t\t\t<section class=\"elementor-section elementor-top-section elementor-element elementor-element-c0addaf elementor-section-boxed elementor-section-height-default elementor-section-height-default wpr-particle-no wpr-jarallax-no wpr-parallax-no wpr-sticky-section-no wpr-equal-height-no\" data-id=\"c0addaf\" data-element_type=\"section\" data-e-type=\"section\">\n\t\t\t\t\t\t<div class=\"elementor-container elementor-column-gap-default\">\n\t\t\t\t\t<div class=\"elementor-column elementor-col-100 elementor-top-column elementor-element elementor-element-9870850\" data-id=\"9870850\" data-element_type=\"column\" data-e-type=\"column\">\n\t\t\t<div class=\"elementor-widget-wrap elementor-element-populated\">\n\t\t\t\t\t\t<div class=\"elementor-element elementor-element-9d16a38 elementor-widget elementor-widget-heading\" data-id=\"9d16a38\" data-element_type=\"widget\" data-e-type=\"widget\" data-widget_type=\"heading.default\">\n\t\t\t\t<div class=\"elementor-widget-container\">\n\t\t\t\t\t<h2 class=\"elementor-heading-title elementor-size-default\">\ud83d\udd1a Une fin de cycle plus qu\u2019un nouveau d\u00e9part ?<\/h2>\t\t\t\t<\/div>\n\t\t\t\t<\/div>\n\t\t\t\t<section class=\"elementor-section elementor-inner-section elementor-element elementor-element-8d04764 elementor-section-boxed elementor-section-height-default elementor-section-height-default wpr-particle-no wpr-jarallax-no wpr-parallax-no wpr-sticky-section-no wpr-equal-height-no\" data-id=\"8d04764\" data-element_type=\"section\" data-e-type=\"section\">\n\t\t\t\t\t\t<div class=\"elementor-container elementor-column-gap-default\">\n\t\t\t\t\t<div class=\"elementor-column elementor-col-50 elementor-inner-column elementor-element elementor-element-c232a32\" data-id=\"c232a32\" data-element_type=\"column\" data-e-type=\"column\">\n\t\t\t<div class=\"elementor-widget-wrap elementor-element-populated\">\n\t\t\t\t\t\t<div class=\"elementor-element elementor-element-3ac6987 elementor-widget elementor-widget-text-editor\" data-id=\"3ac6987\" data-element_type=\"widget\" data-e-type=\"widget\" data-widget_type=\"text-editor.default\">\n\t\t\t\t<div class=\"elementor-widget-container\">\n\t\t\t\t\t\t\t\t\tD\u2019un point de vue num\u00e9rologique, <span style=\"font-style: inherit; color: #990099; letter-spacing: -0.3px;\"><b>2025 \u00e9tait une ann\u00e9e 9<\/b><\/span>.\nUne ann\u00e9e de cl\u00f4ture, de bilan, de d\u00e9pouillement.\nUne ann\u00e9e qui ne demande pas d\u2019initier, mais de <span style=\"font-style: inherit; color: #990099; letter-spacing: -0.3px;\"><b>terminer<\/b><\/span>, chacun \u00e9tant touch\u00e9 diff\u00e9remment selon son ann\u00e9e personnelle et ses propres cycles.\t\t\t\t\t\t\t\t<\/div>\n\t\t\t\t<\/div>\n\t\t\t\t\t<\/div>\n\t\t<\/div>\n\t\t\t\t<div class=\"elementor-column elementor-col-50 elementor-inner-column elementor-element elementor-element-07d210c\" data-id=\"07d210c\" data-element_type=\"column\" data-e-type=\"column\">\n\t\t\t<div class=\"elementor-widget-wrap elementor-element-populated\">\n\t\t\t\t\t\t<div class=\"elementor-element elementor-element-4ca193d elementor-widget elementor-widget-image\" data-id=\"4ca193d\" data-element_type=\"widget\" data-e-type=\"widget\" data-widget_type=\"image.default\">\n\t\t\t\t<div class=\"elementor-widget-container\">\n\t\t\t\t\t\t\t\t\t\t\t\t\t\t\t<img decoding=\"async\" src=\"https:\/\/chrysalid2-0.fr\/psycho-energie\/wp-content\/uploads\/sites\/4\/elementor\/thumbs\/image-en-tete13-rhrd4iswow1p4rc90erkzmo76bn204yvefk498erb8.jpg\" title=\"image-en-tete13\" alt=\"2025, une ann\u00e9e 9, une ann\u00e9e de cl\u00f4ture, de bilan, de d\u00e9pouillement.\" loading=\"lazy\" \/>\t\t\t\t\t\t\t\t\t\t\t\t\t\t\t<\/div>\n\t\t\t\t<\/div>\n\t\t\t\t\t<\/div>\n\t\t<\/div>\n\t\t\t\t\t<\/div>\n\t\t<\/section>\n\t\t\t\t<section class=\"elementor-section elementor-inner-section elementor-element elementor-element-a74f693 elementor-section-boxed elementor-section-height-default elementor-section-height-default wpr-particle-no wpr-jarallax-no wpr-parallax-no wpr-sticky-section-no wpr-equal-height-no\" data-id=\"a74f693\" data-element_type=\"section\" data-e-type=\"section\">\n\t\t\t\t\t\t<div class=\"elementor-container elementor-column-gap-default\">\n\t\t\t\t\t<div class=\"elementor-column elementor-col-50 elementor-inner-column elementor-element elementor-element-bde982c\" data-id=\"bde982c\" data-element_type=\"column\" data-e-type=\"column\">\n\t\t\t<div class=\"elementor-widget-wrap elementor-element-populated\">\n\t\t\t\t\t\t<div class=\"elementor-element elementor-element-0f920c9 elementor-widget elementor-widget-image\" data-id=\"0f920c9\" data-element_type=\"widget\" data-e-type=\"widget\" data-widget_type=\"image.default\">\n\t\t\t\t<div class=\"elementor-widget-container\">\n\t\t\t\t\t\t\t\t\t\t\t\t\t\t\t<img decoding=\"async\" src=\"https:\/\/chrysalid2-0.fr\/psycho-energie\/wp-content\/uploads\/sites\/4\/elementor\/thumbs\/image-en-tete10-rhrd9rqgul8bydptd6fleszukrrtzasx4eoppummdm.jpg\" title=\"image-en-tete10\" alt=\"Neptune n&#039;entrera en B\u00e9lier que le 26 janvier 2026 pour un tout nouveau cycle de 14 ans dans le signe de l&#039;action.\" loading=\"lazy\" \/>\t\t\t\t\t\t\t\t\t\t\t\t\t\t\t<\/div>\n\t\t\t\t<\/div>\n\t\t\t\t\t<\/div>\n\t\t<\/div>\n\t\t\t\t<div class=\"elementor-column elementor-col-50 elementor-inner-column elementor-element elementor-element-3a4705d\" data-id=\"3a4705d\" data-element_type=\"column\" data-e-type=\"column\">\n\t\t\t<div class=\"elementor-widget-wrap elementor-element-populated\">\n\t\t\t\t\t\t<div class=\"elementor-element elementor-element-fa53e71 elementor-widget elementor-widget-text-editor\" data-id=\"fa53e71\" data-element_type=\"widget\" data-e-type=\"widget\" data-widget_type=\"text-editor.default\">\n\t\t\t\t<div class=\"elementor-widget-container\">\n\t\t\t\t\t\t\t\t\tD\u00e9cembre 2025 marque aussi la <span style=\"font-style: inherit; color: #990099; letter-spacing: -0.3px;\"><b>fin d\u2019un cycle majeur d\u2019environ 14 ans<\/b><\/span>, avec Neptune redevenu direct \u00e0 29\u00b0 des Poissons, le tout dernier degr\u00e9 du tout dernier signe du zodiaque. Mais <span style=\"font-style: inherit; color: #990099; letter-spacing: -0.3px;\"><b>Neptune n&rsquo;entrera en B\u00e9lier que le 26 janvier 2026<\/b><\/span> pour un tout <span style=\"font-style: inherit; color: #990099; letter-spacing: -0.3px;\"><b>nouveau cycle de 14 ans dans le signe de l&rsquo;action<\/b><\/span>.\t\t\t\t\t\t\t\t<\/div>\n\t\t\t\t<\/div>\n\t\t\t\t\t<\/div>\n\t\t<\/div>\n\t\t\t\t\t<\/div>\n\t\t<\/section>\n\t\t\t\t<div class=\"elementor-element elementor-element-c8fbbcf elementor-widget elementor-widget-text-editor\" data-id=\"c8fbbcf\" data-element_type=\"widget\" data-e-type=\"widget\" data-widget_type=\"text-editor.default\">\n\t\t\t\t<div class=\"elementor-widget-container\">\n\t\t\t\t\t\t\t\t\tCes derniers mois, beaucoup ont travers\u00e9 une forme de <span style=\"font-style: inherit; color: #990099; letter-spacing: -0.3px;\"><b>brouillard int\u00e9rieur <\/b><\/span>:\nl\u2019impression de ne plus y voir clair, une fatigue profonde, la n\u00e9cessit\u00e9 de revisiter certaines illusions, attentes ou \u00e9chappatoires.\n<span style=\"font-style: inherit; font-weight: inherit; letter-spacing: -0.3px;\">Ce brouillard commence maintenant \u00e0 se dissiper.\n<\/span><span style=\"font-style: inherit; color: #990099; letter-spacing: -0.3px;\"><b>La v\u00e9rit\u00e9 (notre v\u00e9rit\u00e9) devient plus lisible.\n<\/b><\/span><span style=\"font-style: inherit; font-weight: inherit; letter-spacing: -0.3px;\">L\u2019intuition s\u2019affine, et avec elle la possibilit\u00e9 de reprendre notre pouvoir sur nos choix.<\/span>\t\t\t\t\t\t\t\t<\/div>\n\t\t\t\t<\/div>\n\t\t\t\t<div class=\"elementor-element elementor-element-bef2002 elementor-widget elementor-widget-image\" data-id=\"bef2002\" data-element_type=\"widget\" data-e-type=\"widget\" data-widget_type=\"image.default\">\n\t\t\t\t<div class=\"elementor-widget-container\">\n\t\t\t\t\t\t\t\t\t\t\t\t\t\t\t<img decoding=\"async\" src=\"https:\/\/chrysalid2-0.fr\/psycho-energie\/wp-content\/uploads\/sites\/4\/elementor\/thumbs\/image-en-tete7-rhrdbeyc1099f858u87suv28njfdu3kjmuvn2q52wq.jpg\" title=\"image-en-tete7\" alt=\"Ce brouillard commence maintenant \u00e0 se dissiper.\" loading=\"lazy\" \/>\t\t\t\t\t\t\t\t\t\t\t\t\t\t\t<\/div>\n\t\t\t\t<\/div>\n\t\t\t\t<div class=\"elementor-element elementor-element-3b895fc elementor-widget elementor-widget-text-editor\" data-id=\"3b895fc\" data-element_type=\"widget\" data-e-type=\"widget\" data-widget_type=\"text-editor.default\">\n\t\t\t\t<div class=\"elementor-widget-container\">\n\t\t\t\t\t\t\t\t\t<p>Pour moi, ce cycle de 14 ans correspond exactement \u00e0 la p\u00e9riode o\u00f9 je me suis engag\u00e9e sur le chemin du d\u00e9veloppement personnel, de la spiritualit\u00e9 et de la psycho-\u00e9nergie. Un cycle long, transformateur, o\u00f9 l\u2019int\u00e9rieur \u00e9volue bien avant que l\u2019ext\u00e9rieur ne suive.<\/p>\t\t\t\t\t\t\t\t<\/div>\n\t\t\t\t<\/div>\n\t\t\t\t\t<\/div>\n\t\t<\/div>\n\t\t\t\t\t<\/div>\n\t\t<\/section>\n\t\t\t\t<section class=\"elementor-section elementor-top-section elementor-element elementor-element-6bc8217 elementor-section-boxed elementor-section-height-default elementor-section-height-default wpr-particle-no wpr-jarallax-no wpr-parallax-no wpr-sticky-section-no wpr-equal-height-no\" data-id=\"6bc8217\" data-element_type=\"section\" data-e-type=\"section\">\n\t\t\t\t\t\t<div class=\"elementor-container elementor-column-gap-default\">\n\t\t\t\t\t<div class=\"elementor-column elementor-col-100 elementor-top-column elementor-element elementor-element-a8e3304\" data-id=\"a8e3304\" data-element_type=\"column\" data-e-type=\"column\">\n\t\t\t<div class=\"elementor-widget-wrap elementor-element-populated\">\n\t\t\t\t\t\t<div class=\"elementor-element elementor-element-4de8e51 elementor-widget elementor-widget-heading\" data-id=\"4de8e51\" data-element_type=\"widget\" data-e-type=\"widget\" data-widget_type=\"heading.default\">\n\t\t\t\t<div class=\"elementor-widget-container\">\n\t\t\t\t\t<h2 class=\"elementor-heading-title elementor-size-default\">\u26a1 Des mois chahut\u00e9s \u2026 et ce n\u2019est pas un hasard !<\/h2>\t\t\t\t<\/div>\n\t\t\t\t<\/div>\n\t\t\t\t<section class=\"elementor-section elementor-inner-section elementor-element elementor-element-8efd332 elementor-section-boxed elementor-section-height-default elementor-section-height-default wpr-particle-no wpr-jarallax-no wpr-parallax-no wpr-sticky-section-no wpr-equal-height-no\" data-id=\"8efd332\" data-element_type=\"section\" data-e-type=\"section\">\n\t\t\t\t\t\t<div class=\"elementor-container elementor-column-gap-default\">\n\t\t\t\t\t<div class=\"elementor-column elementor-col-50 elementor-inner-column elementor-element elementor-element-c04284e\" data-id=\"c04284e\" data-element_type=\"column\" data-e-type=\"column\">\n\t\t\t<div class=\"elementor-widget-wrap elementor-element-populated\">\n\t\t\t\t\t\t<div class=\"elementor-element elementor-element-bc33eab elementor-widget elementor-widget-text-editor\" data-id=\"bc33eab\" data-element_type=\"widget\" data-e-type=\"widget\" data-widget_type=\"text-editor.default\">\n\t\t\t\t<div class=\"elementor-widget-container\">\n\t\t\t\t\t\t\t\t\t<p>Depuis la fin septembre, beaucoup de personnes autour de moi (clients, amis, coll\u00e8gues, cr\u00e9ateurs de contenu) ont v\u00e9cu des <span style=\"font-style: inherit; color: #990099; letter-spacing: -0.3px;\"><b>mois particuli\u00e8rement intenses<\/b><\/span>.<br \/><span style=\"font-style: inherit; font-weight: inherit; letter-spacing: -0.3px;\">Des remous \u00e9motionnels, relationnels, mat\u00e9riels.<br \/><\/span><span style=\"font-style: inherit; font-weight: inherit; letter-spacing: -0.3px;\">Des situations inattendues.<br \/><\/span><span style=\"font-style: inherit; font-weight: inherit; letter-spacing: -0.3px;\">Des choses \u00e0 affronter plut\u00f4t qu\u2019\u00e0 \u00e9viter.<\/span><\/p>\t\t\t\t\t\t\t\t<\/div>\n\t\t\t\t<\/div>\n\t\t\t\t\t<\/div>\n\t\t<\/div>\n\t\t\t\t<div class=\"elementor-column elementor-col-50 elementor-inner-column elementor-element elementor-element-8049ae6\" data-id=\"8049ae6\" data-element_type=\"column\" data-e-type=\"column\">\n\t\t\t<div class=\"elementor-widget-wrap elementor-element-populated\">\n\t\t\t\t\t\t<div class=\"elementor-element elementor-element-3725498 elementor-widget elementor-widget-image\" data-id=\"3725498\" data-element_type=\"widget\" data-e-type=\"widget\" data-widget_type=\"image.default\">\n\t\t\t\t<div class=\"elementor-widget-container\">\n\t\t\t\t\t\t\t\t\t\t\t\t\t\t\t<img decoding=\"async\" src=\"https:\/\/chrysalid2-0.fr\/psycho-energie\/wp-content\/uploads\/sites\/4\/elementor\/thumbs\/image-en-tete2-rhrdgrn7q6t6dvjwi7blz1fds1a7a6kzf1iuc093ic.jpg\" title=\"image-en-tete2\" alt=\"Des mois chahut\u00e9s \u2026 et ce n\u2019est pas un hasard !\" loading=\"lazy\" \/>\t\t\t\t\t\t\t\t\t\t\t\t\t\t\t<\/div>\n\t\t\t\t<\/div>\n\t\t\t\t\t<\/div>\n\t\t<\/div>\n\t\t\t\t\t<\/div>\n\t\t<\/section>\n\t\t\t\t<div class=\"elementor-element elementor-element-eccc019 elementor-widget elementor-widget-text-editor\" data-id=\"eccc019\" data-element_type=\"widget\" data-e-type=\"widget\" data-widget_type=\"text-editor.default\">\n\t\t\t\t<div class=\"elementor-widget-container\">\n\t\t\t\t\t\t\t\t\t<p>En Design Humain, cette p\u00e9riode correspond \u00e0 l\u2019activation prolong\u00e9e de la <span style=\"font-style: inherit; color: #990099; letter-spacing: -0.3px;\"><b>Porte 36 de la crise<\/b><\/span>, par Saturne dans le transit collectif, depuis le 25 septembre 2025.<br \/><span style=\"font-style: inherit; font-weight: inherit; letter-spacing: -0.3px;\">Cette \u00e9nergie parle de <\/span><span style=\"font-style: inherit; color: #990099; letter-spacing: -0.3px;\"><b>trouver la clart\u00e9 \u00e9motionnelle afin de d\u00e9nouer les crises provoqu\u00e9es par des objectifs non atteints ou attentes non combl\u00e9es.<\/b><\/span><\/p>\t\t\t\t\t\t\t\t<\/div>\n\t\t\t\t<\/div>\n\t\t\t\t<div class=\"elementor-element elementor-element-05c906c elementor-widget elementor-widget-text-editor\" data-id=\"05c906c\" data-element_type=\"widget\" data-e-type=\"widget\" data-widget_type=\"text-editor.default\">\n\t\t\t\t<div class=\"elementor-widget-container\">\n\t\t\t\t\t\t\t\t\t<p><span style=\"font-style: inherit; font-weight: inherit; letter-spacing: -0.3px;\">De mon c\u00f4t\u00e9, cette activation a \u00e9t\u00e9 particuli\u00e8rement marquante, puisque j\u2019ai la Porte 35 active dans mon sch\u00e9ma. Cela active mon Canal 35\u201336, le canal de la Transition, ainsi que mon Centre \u00e9motionnel, habituellement non d\u00e9finis.<\/span><\/p>\t\t\t\t\t\t\t\t<\/div>\n\t\t\t\t<\/div>\n\t\t\t\t<div class=\"elementor-element elementor-element-4d95b0f elementor-widget elementor-widget-image\" data-id=\"4d95b0f\" data-element_type=\"widget\" data-e-type=\"widget\" data-widget_type=\"image.default\">\n\t\t\t\t<div class=\"elementor-widget-container\">\n\t\t\t\t\t\t\t\t\t\t\t\t\t\t\t<img decoding=\"async\" width=\"909\" height=\"538\" src=\"https:\/\/chrysalid2-0.fr\/psycho-energie\/wp-content\/uploads\/sites\/4\/2026\/01\/Charte-transit.jpg\" class=\"attachment-large size-large wp-image-13415\" alt=\"De mon c\u00f4t\u00e9, cette activation a \u00e9t\u00e9 particuli\u00e8rement marquante, puisque j\u2019ai la Porte 35 active dans mon sch\u00e9ma. Cela active mon Canal 35\u201336, le canal de la Transition, ainsi que mon Centre \u00e9motionnel, habituellement non d\u00e9finis.\" srcset=\"https:\/\/chrysalid2-0.fr\/psycho-energie\/wp-content\/uploads\/sites\/4\/2026\/01\/Charte-transit.jpg 909w, https:\/\/chrysalid2-0.fr\/psycho-energie\/wp-content\/uploads\/sites\/4\/2026\/01\/Charte-transit-300x178.jpg 300w, https:\/\/chrysalid2-0.fr\/psycho-energie\/wp-content\/uploads\/sites\/4\/2026\/01\/Charte-transit-768x455.jpg 768w\" sizes=\"(max-width: 909px) 100vw, 909px\" \/>\t\t\t\t\t\t\t\t\t\t\t\t\t\t\t<\/div>\n\t\t\t\t<\/div>\n\t\t\t\t<div class=\"elementor-element elementor-element-b255888 elementor-widget elementor-widget-text-editor\" data-id=\"b255888\" data-element_type=\"widget\" data-e-type=\"widget\" data-widget_type=\"text-editor.default\">\n\t\t\t\t<div class=\"elementor-widget-container\">\n\t\t\t\t\t\t\t\t\t<p>Si toi aussi tu as cette porte 35 active, il est probable que tu n\u2019aies pas \u00e9t\u00e9 \u00e9pargn\u00e9.<\/p><p><span style=\"font-style: inherit; color: #990099; letter-spacing: -0.3px;\"><b>Bonne nouvelle : cette activation prendra fin le 29 janvier 2026 !<\/b><\/span><\/p>\t\t\t\t\t\t\t\t<\/div>\n\t\t\t\t<\/div>\n\t\t\t\t\t<\/div>\n\t\t<\/div>\n\t\t\t\t\t<\/div>\n\t\t<\/section>\n\t\t\t\t<section class=\"elementor-section elementor-top-section elementor-element elementor-element-3e71e09 elementor-section-boxed elementor-section-height-default elementor-section-height-default wpr-particle-no wpr-jarallax-no wpr-parallax-no wpr-sticky-section-no wpr-equal-height-no\" data-id=\"3e71e09\" data-element_type=\"section\" data-e-type=\"section\">\n\t\t\t\t\t\t<div class=\"elementor-container elementor-column-gap-default\">\n\t\t\t\t\t<div class=\"elementor-column elementor-col-100 elementor-top-column elementor-element elementor-element-7a29876\" data-id=\"7a29876\" data-element_type=\"column\" data-e-type=\"column\">\n\t\t\t<div class=\"elementor-widget-wrap elementor-element-populated\">\n\t\t\t\t\t\t<div class=\"elementor-element elementor-element-ac6d63d elementor-widget elementor-widget-heading\" data-id=\"ac6d63d\" data-element_type=\"widget\" data-e-type=\"widget\" data-widget_type=\"heading.default\">\n\t\t\t\t<div class=\"elementor-widget-container\">\n\t\t\t\t\t<h2 class=\"elementor-heading-title elementor-size-default\">\ud83c\udf00 Quand les cycles collectifs rencontrent le v\u00e9cu personnel<\/h2>\t\t\t\t<\/div>\n\t\t\t\t<\/div>\n\t\t\t\t<div class=\"elementor-element elementor-element-a9f94af elementor-widget elementor-widget-text-editor\" data-id=\"a9f94af\" data-element_type=\"widget\" data-e-type=\"widget\" data-widget_type=\"text-editor.default\">\n\t\t\t\t<div class=\"elementor-widget-container\">\n\t\t\t\t\t\t\t\t\t<p>\u00c0 titre personnel, 2025 a aussi marqu\u00e9 la <span style=\"font-style: inherit; color: #990099; letter-spacing: -0.3px;\"><b>fin d\u2019un cycle tr\u00e8s pr\u00e9cis de 9 ans<\/b><\/span>, initi\u00e9 par la rencontre avec le \u00ab\u00a0p\u00e8re biologique\u00a0\u00bb de mon troisi\u00e8me enfant en octobre 2016 \u2026 et cl\u00f4tur\u00e9 par son retour fracassant en octobre 2025.<br><span style=\"font-style: inherit; font-weight: inherit; letter-spacing: -0.3px;\">Sans entrer dans les d\u00e9tails, ces trois derniers mois ont \u00e9t\u00e9 extr\u00eamement \u00e9prouvants.<\/span><\/p>\t\t\t\t\t\t\t\t<\/div>\n\t\t\t\t<\/div>\n\t\t\t\t<section class=\"elementor-section elementor-inner-section elementor-element elementor-element-e4ed97d elementor-section-boxed elementor-section-height-default elementor-section-height-default wpr-particle-no wpr-jarallax-no wpr-parallax-no wpr-sticky-section-no wpr-equal-height-no\" data-id=\"e4ed97d\" data-element_type=\"section\" data-e-type=\"section\">\n\t\t\t\t\t\t<div class=\"elementor-container elementor-column-gap-default\">\n\t\t\t\t\t<div class=\"elementor-column elementor-col-50 elementor-inner-column elementor-element elementor-element-7b7845d\" data-id=\"7b7845d\" data-element_type=\"column\" data-e-type=\"column\">\n\t\t\t<div class=\"elementor-widget-wrap elementor-element-populated\">\n\t\t\t\t\t\t<div class=\"elementor-element elementor-element-0c71d21 elementor-widget elementor-widget-image\" data-id=\"0c71d21\" data-element_type=\"widget\" data-e-type=\"widget\" data-widget_type=\"image.default\">\n\t\t\t\t<div class=\"elementor-widget-container\">\n\t\t\t\t\t\t\t\t\t\t\t\t\t\t\t<img decoding=\"async\" src=\"https:\/\/chrysalid2-0.fr\/psycho-energie\/wp-content\/uploads\/sites\/4\/elementor\/thumbs\/image-en-tete8-rhrdlfwbpj7i42ri7q1tvcyw408wk04xq6ar8jbmyg.jpg\" title=\"image-en-tete8\" alt=\"Si j\u2019ai disparu des r\u00e9seaux sociaux, ce n\u2019\u00e9tait pas par strat\u00e9gie, mais parce que j\u2019\u00e9tais occup\u00e9e \u00e0 prot\u00e9ger mon fils\" loading=\"lazy\" \/>\t\t\t\t\t\t\t\t\t\t\t\t\t\t\t<\/div>\n\t\t\t\t<\/div>\n\t\t\t\t\t<\/div>\n\t\t<\/div>\n\t\t\t\t<div class=\"elementor-column elementor-col-50 elementor-inner-column elementor-element elementor-element-3956bbc\" data-id=\"3956bbc\" data-element_type=\"column\" data-e-type=\"column\">\n\t\t\t<div class=\"elementor-widget-wrap elementor-element-populated\">\n\t\t\t\t\t\t<div class=\"elementor-element elementor-element-fdf4b03 elementor-widget elementor-widget-text-editor\" data-id=\"fdf4b03\" data-element_type=\"widget\" data-e-type=\"widget\" data-widget_type=\"text-editor.default\">\n\t\t\t\t<div class=\"elementor-widget-container\">\n\t\t\t\t\t\t\t\t\t<p><span style=\"font-style: inherit; font-weight: inherit; letter-spacing: -0.3px;\">Si j\u2019ai disparu des r\u00e9seaux sociaux, ce n\u2019\u00e9tait pas par strat\u00e9gie, mais parce que j\u2019\u00e9tais occup\u00e9e \u00e0 prot\u00e9ger mon fils et \u00e0 faire face \u00e0 une situation complexe, \u00e9motionnellement et administrativement.<\/span><\/p><p>Gendarmerie, juristes, assistantes sociales, France Victimes, psychologues \u2026 Et m\u00eame des cours de Krav Maga !<\/p>\t\t\t\t\t\t\t\t<\/div>\n\t\t\t\t<\/div>\n\t\t\t\t\t<\/div>\n\t\t<\/div>\n\t\t\t\t\t<\/div>\n\t\t<\/section>\n\t\t\t\t<div class=\"elementor-element elementor-element-a1b8060 elementor-widget elementor-widget-text-editor\" data-id=\"a1b8060\" data-element_type=\"widget\" data-e-type=\"widget\" data-widget_type=\"text-editor.default\">\n\t\t\t\t<div class=\"elementor-widget-container\">\n\t\t\t\t\t\t\t\t\t<p>3 mois de vigilance permanente, 3 mois \u00e0 d\u00e9couvrir, de l\u2019int\u00e9rieur, les <span style=\"font-style: inherit; color: #990099; letter-spacing: -0.3px;\"><b>failles d\u2019un syst\u00e8me qui n\u2019est pas pens\u00e9 pour ce type de situations<\/b><\/span>.<br \/><span style=\"font-style: inherit; font-weight: inherit; letter-spacing: -0.3px;\">Ce qui m\u2019a aid\u00e9e \u00e0 tenir, c\u2019est la <\/span><span style=\"font-style: inherit; color: #990099; letter-spacing: -0.3px;\"><b>compr\u00e9hension des cycles \u00e0 l\u2019\u0153uvre<\/b><\/span><span style=\"font-style: inherit; font-weight: inherit; letter-spacing: -0.3px;\">, le <\/span><span style=\"font-style: inherit; color: #990099; letter-spacing: -0.3px;\"><b>soutien des personnes pr\u00e9sentes physiquement<\/b><\/span><span style=\"font-style: inherit; font-weight: inherit; letter-spacing: -0.3px;\"> autour de moi, notamment \u00e0 Bagn\u00e8res-de-Bigorre, ainsi que celui du <\/span><span style=\"font-style: inherit; letter-spacing: -0.3px;\"><span style=\"font-style: inherit; color: #990099; letter-spacing: -0.3px;\"><b>groupe de Krav Maga<\/b><\/span><span style=\"font-style: inherit; font-weight: inherit; letter-spacing: -0.3px;\">.<\/span><\/span><\/p>\t\t\t\t\t\t\t\t<\/div>\n\t\t\t\t<\/div>\n\t\t\t\t<div class=\"elementor-element elementor-element-b9e1822 elementor-widget elementor-widget-image\" data-id=\"b9e1822\" data-element_type=\"widget\" data-e-type=\"widget\" data-widget_type=\"image.default\">\n\t\t\t\t<div class=\"elementor-widget-container\">\n\t\t\t\t\t\t\t\t\t\t\t\t\t\t\t<img decoding=\"async\" src=\"https:\/\/chrysalid2-0.fr\/psycho-energie\/wp-content\/uploads\/sites\/4\/elementor\/thumbs\/image-en-tete11-rhrdsft3szk7ozf1fl4k0keryrip8r5jb487z4wema.jpg\" title=\"image-en-tete11\" alt=\"groupe de Krav Maga.\" loading=\"lazy\" \/>\t\t\t\t\t\t\t\t\t\t\t\t\t\t\t<\/div>\n\t\t\t\t<\/div>\n\t\t\t\t<div class=\"elementor-element elementor-element-1459bc1 elementor-widget elementor-widget-text-editor\" data-id=\"1459bc1\" data-element_type=\"widget\" data-e-type=\"widget\" data-widget_type=\"text-editor.default\">\n\t\t\t\t<div class=\"elementor-widget-container\">\n\t\t\t\t\t\t\t\t\t<p>Ce qui m\u2019a aussi aid\u00e9e \u00e0 tenir, c\u2019est mon <span style=\"font-style: inherit; color: #990099; letter-spacing: -0.3px;\"><b>mindset<\/b><\/span>, ma <span style=\"font-style: inherit; color: #990099; letter-spacing: -0.3px;\"><b>pro-activit\u00e9<\/b><\/span>, et surtout ma <span style=\"font-style: inherit; color: #990099; letter-spacing: -0.3px;\"><b>d\u00e9termination \u00e0 dire non \u00e0 l\u2019inacceptable<\/b><\/span>, \u00e0 poser des limites claires et \u00e0 ne plus transiger avec ce qui ne respecte ni mes valeurs ni mon cadre.<\/p><p>Mais j\u2019ai aussi observ\u00e9 autre chose.<br \/>Alors que j\u2019avais profond\u00e9ment besoin de soutien, <span style=\"font-style: inherit; color: #990099; letter-spacing: -0.3px;\"><b>seules deux personnes<\/b><\/span> se sont rendu compte de mon silence sur les r\u00e9seaux et se sont inqui\u00e9t\u00e9es.<\/p><p>Cette absence de regard m\u2019a touch\u00e9e plus que je ne l\u2019aurais imagin\u00e9.<br \/>C\u2019est sans doute cette <span style=\"font-style: inherit; color: #990099; letter-spacing: -0.3px;\"><b>amertume bien connue des Projecteurs<\/b><\/span> :<br \/>celle de donner beaucoup, d\u2019\u00eatre visible quand tout va bien \u2026<br \/>et de r\u00e9aliser que notre disparition, elle, peut passer inaper\u00e7ue.<\/p><p><span style=\"font-style: inherit; color: #990099; letter-spacing: -0.3px;\"><b>Je n\u2019en veux \u00e0 personne\u00a0<\/b><\/span><span style=\"font-style: inherit; font-weight: inherit; letter-spacing: -0.3px;\">&#8230; je sais combien cette p\u00e9riode a \u00e9t\u00e9 dense pour beaucoup, et combien ma force apparente peut parfois masquer mes propres besoins.<\/span><\/p><p>J&rsquo;ai \u00e9t\u00e9 peu disponible \u00e9motionnellement pour des accompagnements et j&rsquo;ai souvent ferm\u00e9 mon cabinet ces trois derniers mois, mais j\u2019ai su <span style=\"font-style: inherit; color: #990099; letter-spacing: -0.3px;\"><b>accueillir d\u2019autres plans <\/b><\/span>que la vie avait pour moi : pendant que je restais dans l\u2019ombre, j\u2019ai \u0153uvr\u00e9 sur un autre de mes domaines de pr\u00e9dilection : le technique, la structure, l&rsquo;infographie, le webdesign, le SEO &#8230; pour moi et pour d\u2019autres.<\/p>\t\t\t\t\t\t\t\t<\/div>\n\t\t\t\t<\/div>\n\t\t\t\t<section class=\"elementor-section elementor-inner-section elementor-element elementor-element-8887f53 elementor-section-boxed elementor-section-height-default elementor-section-height-default wpr-particle-no wpr-jarallax-no wpr-parallax-no wpr-sticky-section-no wpr-equal-height-no\" data-id=\"8887f53\" data-element_type=\"section\" data-e-type=\"section\">\n\t\t\t\t\t\t<div class=\"elementor-container elementor-column-gap-default\">\n\t\t\t\t\t<div class=\"elementor-column elementor-col-50 elementor-inner-column elementor-element elementor-element-7b5834d\" data-id=\"7b5834d\" data-element_type=\"column\" data-e-type=\"column\">\n\t\t\t<div class=\"elementor-widget-wrap elementor-element-populated\">\n\t\t\t\t\t\t<div class=\"elementor-element elementor-element-cd871f5 elementor-widget elementor-widget-text-editor\" data-id=\"cd871f5\" data-element_type=\"widget\" data-e-type=\"widget\" data-widget_type=\"text-editor.default\">\n\t\t\t\t<div class=\"elementor-widget-container\">\n\t\t\t\t\t\t\t\t\t<span style=\"font-style: inherit; color: #990099; letter-spacing: -0.3px;\"><b>Quelques surprises arrivent tout bient\u00f4t !<\/b><\/span>\t\t\t\t\t\t\t\t<\/div>\n\t\t\t\t<\/div>\n\t\t\t\t\t<\/div>\n\t\t<\/div>\n\t\t\t\t<div class=\"elementor-column elementor-col-50 elementor-inner-column elementor-element elementor-element-df4fb5a\" data-id=\"df4fb5a\" data-element_type=\"column\" data-e-type=\"column\">\n\t\t\t<div class=\"elementor-widget-wrap elementor-element-populated\">\n\t\t\t\t\t\t<div class=\"elementor-element elementor-element-8a2cfa9 elementor-widget elementor-widget-image\" data-id=\"8a2cfa9\" data-element_type=\"widget\" data-e-type=\"widget\" data-widget_type=\"image.default\">\n\t\t\t\t<div class=\"elementor-widget-container\">\n\t\t\t\t\t\t\t\t\t\t\t\t\t\t\t<img decoding=\"async\" src=\"https:\/\/chrysalid2-0.fr\/psycho-energie\/wp-content\/uploads\/sites\/4\/elementor\/thumbs\/image-en-tete9-rhrdy7jfrdgkyt1aqkx3tlzn8x2thv27roej1ace6a.jpg\" title=\"image-en-tete9\" alt=\"image-en-tete9\" loading=\"lazy\" \/>\t\t\t\t\t\t\t\t\t\t\t\t\t\t\t<\/div>\n\t\t\t\t<\/div>\n\t\t\t\t\t<\/div>\n\t\t<\/div>\n\t\t\t\t\t<\/div>\n\t\t<\/section>\n\t\t\t\t\t<\/div>\n\t\t<\/div>\n\t\t\t\t\t<\/div>\n\t\t<\/section>\n\t\t\t\t<section class=\"elementor-section elementor-top-section elementor-element elementor-element-f64dd7c elementor-section-boxed elementor-section-height-default elementor-section-height-default wpr-particle-no wpr-jarallax-no wpr-parallax-no wpr-sticky-section-no wpr-equal-height-no\" data-id=\"f64dd7c\" data-element_type=\"section\" data-e-type=\"section\">\n\t\t\t\t\t\t<div class=\"elementor-container elementor-column-gap-default\">\n\t\t\t\t\t<div class=\"elementor-column elementor-col-100 elementor-top-column elementor-element elementor-element-2048154\" data-id=\"2048154\" data-element_type=\"column\" data-e-type=\"column\">\n\t\t\t<div class=\"elementor-widget-wrap elementor-element-populated\">\n\t\t\t\t\t\t<div class=\"elementor-element elementor-element-2957d7f elementor-widget elementor-widget-heading\" data-id=\"2957d7f\" data-element_type=\"widget\" data-e-type=\"widget\" data-widget_type=\"heading.default\">\n\t\t\t\t<div class=\"elementor-widget-container\">\n\t\t\t\t\t<h2 class=\"elementor-heading-title elementor-size-default\">\ud83d\udcc5 Le d\u00e9calage des calendriers<\/h2>\t\t\t\t<\/div>\n\t\t\t\t<\/div>\n\t\t\t\t<div class=\"elementor-element elementor-element-0a5263d elementor-widget elementor-widget-text-editor\" data-id=\"0a5263d\" data-element_type=\"widget\" data-e-type=\"widget\" data-widget_type=\"text-editor.default\">\n\t\t\t\t<div class=\"elementor-widget-container\">\n\t\t\t\t\t\t\t\t\t<p>Aujourd\u2019hui, <span style=\"font-style: inherit; color: #990099; letter-spacing: -0.3px;\"><b>ce chapitre est derri\u00e8re moi<\/b><\/span>.<br \/>Je suis \u00e0 nouveau pleinement disponible, avec beaucoup de nouveaut\u00e9s \u00e0 partager \u2026<br \/>et pourtant, je ressens encore une \u00e9nergie ralentie.<br \/><span style=\"font-style: inherit; font-weight: inherit; letter-spacing: -0.3px;\">Il y a cette question du <\/span><span style=\"font-style: inherit; color: #990099; letter-spacing: -0.3px;\"><b>temps<\/b><\/span><span style=\"font-style: inherit; font-weight: inherit; letter-spacing: -0.3px;\">.<br \/><\/span><span style=\"font-style: inherit; font-weight: inherit; letter-spacing: -0.3px;\">Le temps social, celui du calendrier gr\u00e9gorien, commence le 1er janvier.<\/span><\/p><p>Mais d\u2019autres rythmes coexistent :<\/p><ul><li>en Design Humain, <span style=\"font-style: inherit; color: #990099; letter-spacing: -0.3px;\"><b>le Nouvel An Rave d\u00e9bute le 22 janvier<\/b><\/span><\/li><li><span style=\"font-style: inherit; color: #990099; letter-spacing: -0.3px;\"><b>le Nouvel An chinois commence le 17 f\u00e9vrier<\/b><\/span>, apr\u00e8s une \u00e9clipse solaire puissante<\/li><li>en astrologie, le v\u00e9ritable \u00e9lan arrive avec <span style=\"font-style: inherit; color: #990099; letter-spacing: -0.3px;\"><b>l\u2019entr\u00e9e du Soleil en B\u00e9lier, en mars<\/b><\/span><\/li><li>dans la nature, l\u2019hiver est une saison de gestation, pas d\u2019expansion, et il faudra attendre<span style=\"font-style: inherit; color: #990099; letter-spacing: -0.3px;\"><b> le printemps en mars pour l&rsquo;\u00e9closion.<\/b><\/span><\/li><\/ul>\t\t\t\t\t\t\t\t<\/div>\n\t\t\t\t<\/div>\n\t\t\t\t<div class=\"elementor-element elementor-element-282fbcc elementor-widget elementor-widget-image\" data-id=\"282fbcc\" data-element_type=\"widget\" data-e-type=\"widget\" data-widget_type=\"image.default\">\n\t\t\t\t<div class=\"elementor-widget-container\">\n\t\t\t\t\t\t\t\t\t\t\t\t\t\t\t<img decoding=\"async\" src=\"https:\/\/chrysalid2-0.fr\/psycho-energie\/wp-content\/uploads\/sites\/4\/elementor\/thumbs\/VS-rhre22nimzz5jols3ev6hnviig9pr75ychv1xsnudy.jpg\" title=\"VS\" alt=\"calendrier gr\u00e9gorien VS autres calendriers\" loading=\"lazy\" \/>\t\t\t\t\t\t\t\t\t\t\t\t\t\t\t<\/div>\n\t\t\t\t<\/div>\n\t\t\t\t<div class=\"elementor-element elementor-element-d2882fe elementor-widget elementor-widget-text-editor\" data-id=\"d2882fe\" data-element_type=\"widget\" data-e-type=\"widget\" data-widget_type=\"text-editor.default\">\n\t\t\t\t<div class=\"elementor-widget-container\">\n\t\t\t\t\t\t\t\t\t<p>Alors <span style=\"font-style: inherit; color: #990099; letter-spacing: -0.3px;\"><b>pourquoi exiger de soi un \u00e9lan imm\u00e9diat<\/b><\/span>, quand l\u2019\u00e9nergie collective est encore tourn\u00e9e vers l\u2019int\u00e9rieur ?<\/p>\t\t\t\t\t\t\t\t<\/div>\n\t\t\t\t<\/div>\n\t\t\t\t\t<\/div>\n\t\t<\/div>\n\t\t\t\t\t<\/div>\n\t\t<\/section>\n\t\t\t\t<section class=\"elementor-section elementor-top-section elementor-element elementor-element-bb06d51 elementor-section-boxed elementor-section-height-default elementor-section-height-default wpr-particle-no wpr-jarallax-no wpr-parallax-no wpr-sticky-section-no wpr-equal-height-no\" data-id=\"bb06d51\" data-element_type=\"section\" data-e-type=\"section\">\n\t\t\t\t\t\t<div class=\"elementor-container elementor-column-gap-default\">\n\t\t\t\t\t<div class=\"elementor-column elementor-col-100 elementor-top-column elementor-element elementor-element-86d8b7b\" data-id=\"86d8b7b\" data-element_type=\"column\" data-e-type=\"column\">\n\t\t\t<div class=\"elementor-widget-wrap elementor-element-populated\">\n\t\t\t\t\t\t<div class=\"elementor-element elementor-element-7896a28 elementor-widget elementor-widget-heading\" data-id=\"7896a28\" data-element_type=\"widget\" data-e-type=\"widget\" data-widget_type=\"heading.default\">\n\t\t\t\t<div class=\"elementor-widget-container\">\n\t\t\t\t\t<h2 class=\"elementor-heading-title elementor-size-default\">\ud83d\udd12 Limitation, myst\u00e8re \u2026 et acceptation<\/h2>\t\t\t\t<\/div>\n\t\t\t\t<\/div>\n\t\t\t\t<div class=\"elementor-element elementor-element-d645145 elementor-widget elementor-widget-text-editor\" data-id=\"d645145\" data-element_type=\"widget\" data-e-type=\"widget\" data-widget_type=\"text-editor.default\">\n\t\t\t\t<div class=\"elementor-widget-container\">\n\t\t\t\t\t\t\t\t\t<p>Janvier est toujours une p\u00e9riode particuli\u00e8re pour moi.<br \/><span style=\"font-style: inherit; color: #990099; letter-spacing: -0.3px;\"><b>Mon Soleil conscient se situe dans la Porte 60 de l\u2019acceptation de la limitation<\/b><\/span><span style=\"font-style: inherit; font-weight: inherit; letter-spacing: -0.3px;\"> : accepter ce qui est \u2026 et ce qui ne peut pas encore \u00eatre.<br \/><\/span><span style=\"font-style: inherit; font-weight: inherit; letter-spacing: -0.3px;\">Avoir de l&rsquo;ambition et des projets plein la t\u00eate, mais \u00eatre bloqu\u00e9e sur certains plans et ne pas trouver l&rsquo;\u00e9lan pour les lancer !<\/span><\/p>\t\t\t\t\t\t\t\t<\/div>\n\t\t\t\t<\/div>\n\t\t\t\t<div class=\"elementor-element elementor-element-fdb8847 elementor-widget elementor-widget-text-editor\" data-id=\"fdb8847\" data-element_type=\"widget\" data-e-type=\"widget\" data-widget_type=\"text-editor.default\">\n\t\t\t\t<div class=\"elementor-widget-container\">\n\t\t\t\t\t\t\t\t\t<p><span style=\"font-style: inherit; font-weight: inherit; letter-spacing: -0.3px;\">Chaque ann\u00e9e, \u00e0 l\u2019approche de mon anniversaire, je ressens cette contraction :<\/span><\/p>\t\t\t\t\t\t\t\t<\/div>\n\t\t\t\t<\/div>\n\t\t\t\t<div class=\"elementor-element elementor-element-e347584 elementor-widget elementor-widget-text-editor\" data-id=\"e347584\" data-element_type=\"widget\" data-e-type=\"widget\" data-widget_type=\"text-editor.default\">\n\t\t\t\t<div class=\"elementor-widget-container\">\n\t\t\t\t\t\t\t\t\t<ul><li>le corps devient plus sensible, parfois douloureux (l\u2019an dernier, j\u2019ai f\u00eat\u00e9 mon anniversaire alit\u00e9e, fi\u00e9vreuse, avec une sinusite et trois c\u00f4tes cass\u00e9es, certains s\u2019en souviennent)<\/li><li>les ressources semblent plus restreintes, voire nulles<\/li><li>certaines situations viennent tester mes limites, tr\u00e8s concr\u00e8tement<\/li><\/ul>\t\t\t\t\t\t\t\t<\/div>\n\t\t\t\t<\/div>\n\t\t\t\t<div class=\"elementor-element elementor-element-2a70565 elementor-widget elementor-widget-text-editor\" data-id=\"2a70565\" data-element_type=\"widget\" data-e-type=\"widget\" data-widget_type=\"text-editor.default\">\n\t\t\t\t<div class=\"elementor-widget-container\">\n\t\t\t\t\t\t\t\t\t<p><span style=\"font-style: inherit; font-weight: inherit; letter-spacing: -0.3px;\">Apr\u00e8s la <\/span><span style=\"font-style: inherit; color: #990099; letter-spacing: -0.3px;\"><b>Porte 54 de l&rsquo;ambition<\/b><\/span><span style=\"font-style: inherit; font-weight: inherit; letter-spacing: -0.3px;\">, qui co\u00efncide avec le moment ou beaucoup font leurs nouvelles r\u00e9solutions de l&rsquo;ann\u00e9e, nous avons travers\u00e9 depuis le 11 janvier la <\/span><span style=\"font-style: inherit; color: #990099; letter-spacing: -0.3px;\"><b>Porte 61 du myst\u00e8re<\/b><\/span><span style=\"font-style: inherit; font-weight: inherit; letter-spacing: -0.3px;\">, des questions sans r\u00e9ponse imm\u00e9diate.<\/span><\/p><p><span style=\"font-style: inherit; font-weight: inherit; letter-spacing: -0.3px;\">Puis \u00e0 partir d&rsquo;aujourd&rsquo;hui et jusqu&rsquo;au 21 janvier, la<\/span><span style=\"font-style: inherit; color: #990099; letter-spacing: -0.3px;\"><b> Porte 60 de l&rsquo;acceptation de la limitation<\/b><\/span><span style=\"font-style: inherit; font-weight: inherit; letter-spacing: -0.3px;\"> s\u2019active \u00e0 son tour, jusqu\u2019au jour de mon anniversaire.<\/span><\/p><p><span style=\"font-style: inherit; font-weight: inherit; letter-spacing: -0.3px;\">Et le lendemain, avec la <\/span><span style=\"font-style: inherit; color: #990099; letter-spacing: -0.3px;\"><b>Porte 41<\/b><\/span><span style=\"font-style: inherit; font-weight: inherit; letter-spacing: -0.3px;\">, s\u2019ouvrira un nouveau cycle pour tous, celui de la <\/span><span style=\"font-style: inherit; color: #990099; letter-spacing: -0.3px;\"><b>contraction <\/b><\/span><span style=\"font-style: inherit; font-weight: inherit; letter-spacing: -0.3px;\">porteuse de possibles, et un <\/span><span style=\"font-style: inherit; color: #990099; letter-spacing: -0.3px;\"><b>nouveau cycle solaire pour moi<\/b><\/span><span style=\"font-style: inherit; font-weight: inherit; letter-spacing: -0.3px;\"> !<\/span><\/p>\t\t\t\t\t\t\t\t<\/div>\n\t\t\t\t<\/div>\n\t\t\t\t<section class=\"elementor-section elementor-inner-section elementor-element elementor-element-a8ff32d elementor-section-boxed elementor-section-height-default elementor-section-height-default wpr-particle-no wpr-jarallax-no wpr-parallax-no wpr-sticky-section-no wpr-equal-height-no\" data-id=\"a8ff32d\" data-element_type=\"section\" data-e-type=\"section\">\n\t\t\t\t\t\t<div class=\"elementor-container elementor-column-gap-default\">\n\t\t\t\t\t<div class=\"elementor-column elementor-col-50 elementor-inner-column elementor-element elementor-element-2fea1de\" data-id=\"2fea1de\" data-element_type=\"column\" data-e-type=\"column\">\n\t\t\t<div class=\"elementor-widget-wrap elementor-element-populated\">\n\t\t\t\t\t\t<div class=\"elementor-element elementor-element-9566ae1 elementor-widget elementor-widget-image\" data-id=\"9566ae1\" data-element_type=\"widget\" data-e-type=\"widget\" data-widget_type=\"image.default\">\n\t\t\t\t<div class=\"elementor-widget-container\">\n\t\t\t\t\t\t\t\t\t\t\t\t\t\t\t<img decoding=\"async\" src=\"https:\/\/chrysalid2-0.fr\/psycho-energie\/wp-content\/uploads\/sites\/4\/elementor\/thumbs\/image-en-tete6-rhre8c8s78jyy3i3i4dn42y52xdt2k1j7ifl47ddks.jpg\" title=\"image-en-tete6\" alt=\"image-en-tete6\" loading=\"lazy\" \/>\t\t\t\t\t\t\t\t\t\t\t\t\t\t\t<\/div>\n\t\t\t\t<\/div>\n\t\t\t\t\t<\/div>\n\t\t<\/div>\n\t\t\t\t<div class=\"elementor-column elementor-col-50 elementor-inner-column elementor-element elementor-element-354df06\" data-id=\"354df06\" data-element_type=\"column\" data-e-type=\"column\">\n\t\t\t<div class=\"elementor-widget-wrap elementor-element-populated\">\n\t\t\t\t\t\t<div class=\"elementor-element elementor-element-57e985a elementor-widget elementor-widget-text-editor\" data-id=\"57e985a\" data-element_type=\"widget\" data-e-type=\"widget\" data-widget_type=\"text-editor.default\">\n\t\t\t\t<div class=\"elementor-widget-container\">\n\t\t\t\t\t\t\t\t\t<p><span style=\"font-style: inherit; color: #990099; letter-spacing: -0.3px;\"><img decoding=\"async\" class=\"emoji\" role=\"img\" draggable=\"false\" src=\"https:\/\/s.w.org\/images\/core\/emoji\/17.0.2\/svg\/1f449.svg\" alt=\"\ud83d\udc49\" \/> <b>Le renouveau arrive \u2026 mais pas encore.<\/b><\/span><\/p>\t\t\t\t\t\t\t\t<\/div>\n\t\t\t\t<\/div>\n\t\t\t\t\t<\/div>\n\t\t<\/div>\n\t\t\t\t\t<\/div>\n\t\t<\/section>\n\t\t\t\t<div class=\"elementor-element elementor-element-9e5b8d3 elementor-widget elementor-widget-text-editor\" data-id=\"9e5b8d3\" data-element_type=\"widget\" data-e-type=\"widget\" data-widget_type=\"text-editor.default\">\n\t\t\t\t<div class=\"elementor-widget-container\">\n\t\t\t\t\t\t\t\t\t<p>Chaque ann\u00e9e ce m\u00eame cycle se reproduit en janvier, et <span style=\"font-style: inherit; color: #990099; letter-spacing: -0.3px;\"><b>en Design Humain le Nouvel An a lieu lorsque le soleil active cette porte 41 de la contraction.<\/b><\/span><\/p>\t\t\t\t\t\t\t\t<\/div>\n\t\t\t\t<\/div>\n\t\t\t\t\t<\/div>\n\t\t<\/div>\n\t\t\t\t\t<\/div>\n\t\t<\/section>\n\t\t\t\t<section class=\"elementor-section elementor-top-section elementor-element elementor-element-a26bc5d elementor-section-boxed elementor-section-height-default elementor-section-height-default wpr-particle-no wpr-jarallax-no wpr-parallax-no wpr-sticky-section-no wpr-equal-height-no\" data-id=\"a26bc5d\" data-element_type=\"section\" data-e-type=\"section\">\n\t\t\t\t\t\t<div class=\"elementor-container elementor-column-gap-default\">\n\t\t\t\t\t<div class=\"elementor-column elementor-col-100 elementor-top-column elementor-element elementor-element-dd1e946\" data-id=\"dd1e946\" data-element_type=\"column\" data-e-type=\"column\">\n\t\t\t<div class=\"elementor-widget-wrap elementor-element-populated\">\n\t\t\t\t\t\t<div class=\"elementor-element elementor-element-e900412 elementor-widget elementor-widget-heading\" data-id=\"e900412\" data-element_type=\"widget\" data-e-type=\"widget\" data-widget_type=\"heading.default\">\n\t\t\t\t<div class=\"elementor-widget-container\">\n\t\t\t\t\t<h2 class=\"elementor-heading-title elementor-size-default\">\ud83c\udf0a Naviguer les cycles plut\u00f4t que les subir<\/h2>\t\t\t\t<\/div>\n\t\t\t\t<\/div>\n\t\t\t\t<div class=\"elementor-element elementor-element-70be388 elementor-widget elementor-widget-text-editor\" data-id=\"70be388\" data-element_type=\"widget\" data-e-type=\"widget\" data-widget_type=\"text-editor.default\">\n\t\t\t\t<div class=\"elementor-widget-container\">\n\t\t\t\t\t\t\t\t\t<p>Je partage cela <span style=\"font-style: inherit; color: #990099; letter-spacing: -0.3px;\"><b>depuis mon v\u00e9cu<\/b><\/span>, avec le recul que m\u2019offrent les cycles et l\u2019exp\u00e9rience, pour celles et ceux que cela pourra \u00e9clairer.<br \/><span style=\"font-style: inherit; font-weight: inherit; letter-spacing: -0.3px;\">Nous ne sommes pas faits pour avancer de mani\u00e8re lin\u00e9aire.<\/span><\/p>\t\t\t\t\t\t\t\t<\/div>\n\t\t\t\t<\/div>\n\t\t\t\t<section class=\"elementor-section elementor-inner-section elementor-element elementor-element-a7eb98b elementor-section-boxed elementor-section-height-default elementor-section-height-default wpr-particle-no wpr-jarallax-no wpr-parallax-no wpr-sticky-section-no wpr-equal-height-no\" data-id=\"a7eb98b\" data-element_type=\"section\" data-e-type=\"section\">\n\t\t\t\t\t\t<div class=\"elementor-container elementor-column-gap-default\">\n\t\t\t\t\t<div class=\"elementor-column elementor-col-50 elementor-inner-column elementor-element elementor-element-f6cb07b\" data-id=\"f6cb07b\" data-element_type=\"column\" data-e-type=\"column\">\n\t\t\t<div class=\"elementor-widget-wrap elementor-element-populated\">\n\t\t\t\t\t\t<div class=\"elementor-element elementor-element-ff8cd95 elementor-widget elementor-widget-text-editor\" data-id=\"ff8cd95\" data-element_type=\"widget\" data-e-type=\"widget\" data-widget_type=\"text-editor.default\">\n\t\t\t\t<div class=\"elementor-widget-container\">\n\t\t\t\t\t\t\t\t\t<p>La vie est cyclique :<\/p><ul><li>dans la nature<\/li><li>dans le corps<\/li><li>dans les relations<\/li><li>dans les projets<\/li><li>dans les entreprises<\/li><\/ul>\t\t\t\t\t\t\t\t<\/div>\n\t\t\t\t<\/div>\n\t\t\t\t\t<\/div>\n\t\t<\/div>\n\t\t\t\t<div class=\"elementor-column elementor-col-50 elementor-inner-column elementor-element elementor-element-9a04eb2\" data-id=\"9a04eb2\" data-element_type=\"column\" data-e-type=\"column\">\n\t\t\t<div class=\"elementor-widget-wrap elementor-element-populated\">\n\t\t\t\t\t\t<div class=\"elementor-element elementor-element-60dae40 elementor-widget elementor-widget-image\" data-id=\"60dae40\" data-element_type=\"widget\" data-e-type=\"widget\" data-widget_type=\"image.default\">\n\t\t\t\t<div class=\"elementor-widget-container\">\n\t\t\t\t\t\t\t\t\t\t\t\t\t\t\t<img decoding=\"async\" src=\"https:\/\/chrysalid2-0.fr\/psycho-energie\/wp-content\/uploads\/sites\/4\/elementor\/thumbs\/image-en-tete5-rhreej0j6z0xdoiidao810qdv8vsqtlx251nus72l0.jpg\" title=\"image-en-tete5\" alt=\"Naviguer les cycles plut\u00f4t que les subir\" loading=\"lazy\" \/>\t\t\t\t\t\t\t\t\t\t\t\t\t\t\t<\/div>\n\t\t\t\t<\/div>\n\t\t\t\t\t<\/div>\n\t\t<\/div>\n\t\t\t\t\t<\/div>\n\t\t<\/section>\n\t\t\t\t<div class=\"elementor-element elementor-element-31578f6 elementor-widget elementor-widget-text-editor\" data-id=\"31578f6\" data-element_type=\"widget\" data-e-type=\"widget\" data-widget_type=\"text-editor.default\">\n\t\t\t\t<div class=\"elementor-widget-container\">\n\t\t\t\t\t\t\t\t\t<p>Certains cycles sont <span style=\"font-style: inherit; color: #990099; letter-spacing: -0.3px;\"><b>universels<\/b><\/span>.<br \/>D\u2019autres profond\u00e9ment <span style=\"font-style: inherit; color: #990099; letter-spacing: -0.3px;\"><b>personnels<\/b><\/span>.<br \/><span style=\"font-style: inherit; font-weight: inherit; letter-spacing: -0.3px;\">Les reconna\u00eetre ne supprime pas les d\u00e9fis.<br \/><\/span><span style=\"font-style: inherit; font-weight: inherit; letter-spacing: -0.3px;\">Mais <\/span><span style=\"font-style: inherit; color: #990099; letter-spacing: -0.3px;\"><b>cela permet de les traverser avec plus de sens, de douceur et de r\u00e9silience<\/b><\/span><span style=\"font-style: inherit; font-weight: inherit; letter-spacing: -0.3px;\">.<\/span><\/p>\t\t\t\t\t\t\t\t<\/div>\n\t\t\t\t<\/div>\n\t\t\t\t\t<\/div>\n\t\t<\/div>\n\t\t\t\t\t<\/div>\n\t\t<\/section>\n\t\t\t\t<section class=\"elementor-section elementor-top-section elementor-element elementor-element-7e932ba elementor-section-boxed elementor-section-height-default elementor-section-height-default wpr-particle-no wpr-jarallax-no wpr-parallax-no wpr-sticky-section-no wpr-equal-height-no\" data-id=\"7e932ba\" data-element_type=\"section\" data-e-type=\"section\">\n\t\t\t\t\t\t<div class=\"elementor-container elementor-column-gap-default\">\n\t\t\t\t\t<div class=\"elementor-column elementor-col-100 elementor-top-column elementor-element elementor-element-242e12f\" data-id=\"242e12f\" data-element_type=\"column\" data-e-type=\"column\">\n\t\t\t<div class=\"elementor-widget-wrap elementor-element-populated\">\n\t\t\t\t\t\t<div class=\"elementor-element elementor-element-b1d51fd elementor-widget elementor-widget-heading\" data-id=\"b1d51fd\" data-element_type=\"widget\" data-e-type=\"widget\" data-widget_type=\"heading.default\">\n\t\t\t\t<div class=\"elementor-widget-container\">\n\t\t\t\t\t<h2 class=\"elementor-heading-title elementor-size-default\">\ud83c\udf31 Et maintenant ?<\/h2>\t\t\t\t<\/div>\n\t\t\t\t<\/div>\n\t\t\t\t<div class=\"elementor-element elementor-element-ae084e7 elementor-widget elementor-widget-text-editor\" data-id=\"ae084e7\" data-element_type=\"widget\" data-e-type=\"widget\" data-widget_type=\"text-editor.default\">\n\t\t\t\t<div class=\"elementor-widget-container\">\n\t\t\t\t\t\t\t\t\t<p><span style=\"font-family: 'Red Hat Display'; letter-spacing: normal; text-align: justify;\">Si tu te s<\/span><span style=\"border: 0px solid #000000; font-family: 'Red Hat Display'; letter-spacing: normal; text-align: justify;\">ens en d\u00e9calage avec ce d\u00e9but d\u2019ann\u00e9e \u2026<br style=\"border: 0px solid #000000;\" \/>Si tu n\u2019as pas encore l\u2019\u00e9lan des \u00ab nouveaux d\u00e9parts \u00bb \u2026<br style=\"border: 0px solid #000000;\" \/>Si tu es dans une phase de tri, de cl\u00f4ture ou d\u2019int\u00e9gration \u2026<\/span><\/p><p><span style=\"border: 0px solid #000000; font-family: 'Red Hat Display'; letter-spacing: normal; text-align: justify;\"><strong style=\"border: 0px solid #000000; color: #990099;\"><strong><img decoding=\"async\" class=\"emoji\" role=\"img\" draggable=\"false\" src=\"https:\/\/s.w.org\/images\/core\/emoji\/17.0.2\/svg\/1f449.svg\" alt=\"\ud83d\udc49\" \/>\u00a0\u00a0<\/strong>Peut-\u00eatre que tu n\u2019es pas en retard.<br \/><\/strong><\/span><span style=\"border: 0px solid #000000; font-family: 'Red Hat Display'; letter-spacing: normal; text-align: justify;\"><strong style=\"border: 0px solid #000000; color: #990099;\"><strong><img decoding=\"async\" class=\"emoji\" role=\"img\" draggable=\"false\" src=\"https:\/\/s.w.org\/images\/core\/emoji\/17.0.2\/svg\/1f449.svg\" alt=\"\ud83d\udc49\" \/>\u00a0\u00a0<\/strong>Peut-\u00eatre que tu es exactement l\u00e0 o\u00f9 tu dois \u00eatre.<\/strong><\/span><\/p>\t\t\t\t\t\t\t\t<\/div>\n\t\t\t\t<\/div>\n\t\t\t\t<div class=\"elementor-element elementor-element-c4258e3 elementor-widget elementor-widget-image\" data-id=\"c4258e3\" data-element_type=\"widget\" data-e-type=\"widget\" data-widget_type=\"image.default\">\n\t\t\t\t<div class=\"elementor-widget-container\">\n\t\t\t\t\t\t\t\t\t\t\t\t\t\t\t<img decoding=\"async\" width=\"1024\" height=\"523\" src=\"https:\/\/chrysalid2-0.fr\/psycho-energie\/wp-content\/uploads\/sites\/4\/2026\/01\/image-en-tete12-1024x523.jpg\" class=\"attachment-large size-large wp-image-13422\" alt=\"\" srcset=\"https:\/\/chrysalid2-0.fr\/psycho-energie\/wp-content\/uploads\/sites\/4\/2026\/01\/image-en-tete12-1024x523.jpg 1024w, https:\/\/chrysalid2-0.fr\/psycho-energie\/wp-content\/uploads\/sites\/4\/2026\/01\/image-en-tete12-300x153.jpg 300w, https:\/\/chrysalid2-0.fr\/psycho-energie\/wp-content\/uploads\/sites\/4\/2026\/01\/image-en-tete12-768x392.jpg 768w, https:\/\/chrysalid2-0.fr\/psycho-energie\/wp-content\/uploads\/sites\/4\/2026\/01\/image-en-tete12.jpg 1054w\" sizes=\"(max-width: 1024px) 100vw, 1024px\" \/>\t\t\t\t\t\t\t\t\t\t\t\t\t\t\t<\/div>\n\t\t\t\t<\/div>\n\t\t\t\t<div class=\"elementor-element elementor-element-5454a05 elementor-widget elementor-widget-text-editor\" data-id=\"5454a05\" data-element_type=\"widget\" data-e-type=\"widget\" data-widget_type=\"text-editor.default\">\n\t\t\t\t<div class=\"elementor-widget-container\">\n\t\t\t\t\t\t\t\t\t<p>Pour ma part, je laisse janvier faire son \u0153uvre.<br \/>Le nouveau cycle arrive. Je le sens.<br \/>Il se pr\u00e9pare dans le silence, pas dans la pr\u00e9cipitation.<br \/><span style=\"font-style: inherit; font-weight: inherit; letter-spacing: -0.3px;\">Et quelle que soit la date \u00e0 laquelle <\/span><span style=\"font-style: inherit; color: #990099; letter-spacing: -0.3px;\"><b>ton ann\u00e9e<\/b><\/span><span style=\"font-style: inherit; font-weight: inherit; letter-spacing: -0.3px;\"> commence r\u00e9ellement,<br \/><\/span><span style=\"font-style: inherit; color: #990099; letter-spacing: -0.3px;\"><b>je te souhaite une travers\u00e9e consciente, align\u00e9e \u2026 et profond\u00e9ment juste pour toi.<\/b><\/span><\/p><p>Je reviendrai tr\u00e8s bient\u00f4t pour te partager les nouveaut\u00e9s et les projets qui ont pris forme en silence ces derniers mois.<\/p><p>Cette newsletter marque un retour \u2026 et le d\u00e9but d\u2019un <span style=\"font-style: inherit; color: #990099; letter-spacing: -0.3px;\"><b>nouveau chapitre !<\/b><\/span><br \/><span style=\"font-style: inherit; font-weight: inherit; letter-spacing: -0.3px;\">Ou devrais-je dire, le d\u00e9but d\u2019un <\/span><span style=\"font-style: inherit; color: #990099; letter-spacing: -0.3px;\"><b>nouveau livre<\/b><\/span><span style=\"font-style: inherit; font-weight: inherit; letter-spacing: -0.3px;\">.<br \/><\/span><span style=\"font-style: inherit; color: #990099; letter-spacing: -0.3px;\"><b>Un nouveau livre que je te souhaite d\u2019\u00e9crire \u00e0 ton rythme, en respectant tes cycles, avec lucidit\u00e9, douceur et fid\u00e9lit\u00e9 \u00e0 ce qui est juste pour toi.<\/b><\/span><\/p><p>A tr\u00e8s vite,<\/p><p>Sara<\/p>\t\t\t\t\t\t\t\t<\/div>\n\t\t\t\t<\/div>\n\t\t\t\t\t<\/div>\n\t\t<\/div>\n\t\t\t\t\t<\/div>\n\t\t<\/section>\n\t\t\t\t<\/div>\n\t\t","protected":false},"excerpt":{"rendered":"<p>Nous sommes le 16 janvier 2026.<br \/>\nEt je n\u2019ai pas encore souhait\u00e9 la bonne ann\u00e9e.<br \/>\nNon par oubli.<br \/>\nMais parce que, pour moi, quelque chose ne commence pas encore &#8230;<\/p>\n","protected":false},"author":1,"featured_media":13497,"comment_status":"open","ping_status":"open","sticky":false,"template":"elementor_theme","format":"standard","meta":{"site-sidebar-layout":"default","site-content-layout":"","ast-site-content-layout":"default","site-content-style":"default","site-sidebar-style":"default","ast-global-header-display":"","ast-banner-title-visibility":"","ast-main-header-display":"","ast-hfb-above-header-display":"","ast-hfb-below-header-display":"","ast-hfb-mobile-header-display":"","site-post-title":"","ast-breadcrumbs-content":"","ast-featured-img":"disabled","footer-sml-layout":"","ast-disable-related-posts":"","theme-transparent-header-meta":"","adv-header-id-meta":"","stick-header-meta":"","header-above-stick-meta":"","header-main-stick-meta":"","header-below-stick-meta":"","astra-migrate-meta-layouts":"set","ast-page-background-enabled":"default","ast-page-background-meta":{"desktop":{"background-color":"var(--ast-global-color-4)","background-image":"","background-repeat":"repeat","background-position":"center center","background-size":"auto","background-attachment":"scroll","background-type":"","background-media":"","overlay-type":"","overlay-color":"","overlay-opacity":"","overlay-gradient":""},"tablet":{"background-color":"","background-image":"","background-repeat":"repeat","background-position":"center center","background-size":"auto","background-attachment":"scroll","background-type":"","background-media":"","overlay-type":"","overlay-color":"","overlay-opacity":"","overlay-gradient":""},"mobile":{"background-color":"","background-image":"","background-repeat":"repeat","background-position":"center center","background-size":"auto","background-attachment":"scroll","background-type":"","background-media":"","overlay-type":"","overlay-color":"","overlay-opacity":"","overlay-gradient":""}},"ast-content-background-meta":{"desktop":{"background-color":"var(--ast-global-color-5)","background-image":"","background-repeat":"repeat","background-position":"center center","background-size":"auto","background-attachment":"scroll","background-type":"","background-media":"","overlay-type":"","overlay-color":"","overlay-opacity":"","overlay-gradient":""},"tablet":{"background-color":"var(--ast-global-color-5)","background-image":"","background-repeat":"repeat","background-position":"center center","background-size":"auto","background-attachment":"scroll","background-type":"","background-media":"","overlay-type":"","overlay-color":"","overlay-opacity":"","overlay-gradient":""},"mobile":{"background-color":"var(--ast-global-color-5)","background-image":"","background-repeat":"repeat","background-position":"center center","background-size":"auto","background-attachment":"scroll","background-type":"","background-media":"","overlay-type":"","overlay-color":"","overlay-opacity":"","overlay-gradient":""}},"footnotes":""},"categories":[20,21],"tags":[],"class_list":["post-13407","post","type-post","status-publish","format-standard","has-post-thumbnail","hentry","category-bulletins-energetiques","category-voeux"],"yoast_head":"<!-- This site is optimized with the Yoast SEO plugin v27.5 - https:\/\/yoast.com\/product\/yoast-seo-wordpress\/ -->\n<title>2026 commence-t-elle vraiment en janvier ? - Chrysalid 2.0 (Blog)<\/title>\n<meta name=\"description\" content=\"2026 commence-t-elle vraiment en janvier ? Une lecture \u00e9nerg\u00e9tique et cyclique pour comprendre le d\u00e9calage, la transition et le juste moment.\" \/>\n<meta name=\"robots\" content=\"index, follow, max-snippet:-1, max-image-preview:large, max-video-preview:-1\" \/>\n<link rel=\"canonical\" href=\"https:\/\/chrysalid2-0.fr\/psycho-energie\/2026-commence-t-elle-vraiment-en-janvier\/\" \/>\n<meta property=\"og:locale\" content=\"fr_FR\" \/>\n<meta property=\"og:type\" content=\"article\" \/>\n<meta property=\"og:title\" content=\"2026 commence-t-elle vraiment en janvier ? - Chrysalid 2.0 (Blog)\" \/>\n<meta property=\"og:description\" content=\"Et si 2026 ne commen\u00e7ait pas en janvier ? Une lecture \u00e9nerg\u00e9tique et cyclique pour comprendre le d\u00e9calage, la transition et le juste moment.\" \/>\n<meta property=\"og:url\" content=\"https:\/\/chrysalid2-0.fr\/psycho-energie\/2026-commence-t-elle-vraiment-en-janvier\/\" \/>\n<meta property=\"og:site_name\" content=\"Chrysalid 2.0 - Psycho-\u00e9nergie &amp; Design Humain\" \/>\n<meta property=\"article:publisher\" content=\"https:\/\/www.facebook.com\/chrysalid2.0\" \/>\n<meta property=\"article:published_time\" content=\"2026-01-16T03:44:28+00:00\" \/>\n<meta property=\"article:modified_time\" content=\"2026-01-17T04:21:36+00:00\" \/>\n<meta property=\"og:image\" content=\"https:\/\/chrysalid2-0.fr\/psycho-energie\/wp-content\/uploads\/sites\/4\/2026\/01\/couverture-newsletter-2025.01.16c.jpg\" \/>\n\t<meta property=\"og:image:width\" content=\"1200\" \/>\n\t<meta property=\"og:image:height\" content=\"630\" \/>\n\t<meta property=\"og:image:type\" content=\"image\/jpeg\" \/>\n<meta name=\"author\" content=\"Sara Berbel\" \/>\n<meta name=\"twitter:card\" content=\"summary_large_image\" \/>\n<meta name=\"twitter:label1\" content=\"\u00c9crit par\" \/>\n\t<meta name=\"twitter:data1\" content=\"Sara Berbel\" \/>\n\t<meta name=\"twitter:label2\" content=\"Dur\u00e9e de lecture estim\u00e9e\" \/>\n\t<meta name=\"twitter:data2\" content=\"13 minutes\" \/>\n<script type=\"application\/ld+json\" class=\"yoast-schema-graph\">{\"@context\":\"https:\\\/\\\/schema.org\",\"@graph\":[{\"@type\":\"Article\",\"@id\":\"https:\\\/\\\/chrysalid2-0.fr\\\/psycho-energie\\\/2026-commence-t-elle-vraiment-en-janvier\\\/#article\",\"isPartOf\":{\"@id\":\"https:\\\/\\\/chrysalid2-0.fr\\\/psycho-energie\\\/2026-commence-t-elle-vraiment-en-janvier\\\/\"},\"author\":{\"name\":\"Sara Berbel\",\"@id\":\"https:\\\/\\\/chrysalid2-0.fr\\\/psycho-energie\\\/#\\\/schema\\\/person\\\/04d8f8e1d1b61044c4e72b2592e957f8\"},\"headline\":\"2026 commence-t-elle vraiment en janvier ?\",\"datePublished\":\"2026-01-16T03:44:28+00:00\",\"dateModified\":\"2026-01-17T04:21:36+00:00\",\"mainEntityOfPage\":{\"@id\":\"https:\\\/\\\/chrysalid2-0.fr\\\/psycho-energie\\\/2026-commence-t-elle-vraiment-en-janvier\\\/\"},\"wordCount\":1695,\"commentCount\":0,\"publisher\":{\"@id\":\"https:\\\/\\\/chrysalid2-0.fr\\\/psycho-energie\\\/#organization\"},\"image\":{\"@id\":\"https:\\\/\\\/chrysalid2-0.fr\\\/psycho-energie\\\/2026-commence-t-elle-vraiment-en-janvier\\\/#primaryimage\"},\"thumbnailUrl\":\"https:\\\/\\\/chrysalid2-0.fr\\\/psycho-energie\\\/wp-content\\\/uploads\\\/sites\\\/4\\\/2026\\\/01\\\/couverture-newsletter-2025.01.16c.jpg\",\"articleSection\":[\"Bulletins \u00e9nerg\u00e9tiques\",\"Voeux\"],\"inLanguage\":\"fr-FR\",\"potentialAction\":[{\"@type\":\"CommentAction\",\"name\":\"Comment\",\"target\":[\"https:\\\/\\\/chrysalid2-0.fr\\\/psycho-energie\\\/2026-commence-t-elle-vraiment-en-janvier\\\/#respond\"]}]},{\"@type\":\"WebPage\",\"@id\":\"https:\\\/\\\/chrysalid2-0.fr\\\/psycho-energie\\\/2026-commence-t-elle-vraiment-en-janvier\\\/\",\"url\":\"https:\\\/\\\/chrysalid2-0.fr\\\/psycho-energie\\\/2026-commence-t-elle-vraiment-en-janvier\\\/\",\"name\":\"2026 commence-t-elle vraiment en janvier ? - Chrysalid 2.0 (Blog)\",\"isPartOf\":{\"@id\":\"https:\\\/\\\/chrysalid2-0.fr\\\/psycho-energie\\\/#website\"},\"primaryImageOfPage\":{\"@id\":\"https:\\\/\\\/chrysalid2-0.fr\\\/psycho-energie\\\/2026-commence-t-elle-vraiment-en-janvier\\\/#primaryimage\"},\"image\":{\"@id\":\"https:\\\/\\\/chrysalid2-0.fr\\\/psycho-energie\\\/2026-commence-t-elle-vraiment-en-janvier\\\/#primaryimage\"},\"thumbnailUrl\":\"https:\\\/\\\/chrysalid2-0.fr\\\/psycho-energie\\\/wp-content\\\/uploads\\\/sites\\\/4\\\/2026\\\/01\\\/couverture-newsletter-2025.01.16c.jpg\",\"datePublished\":\"2026-01-16T03:44:28+00:00\",\"dateModified\":\"2026-01-17T04:21:36+00:00\",\"description\":\"2026 commence-t-elle vraiment en janvier ? Une lecture \u00e9nerg\u00e9tique et cyclique pour comprendre le d\u00e9calage, la transition et le juste moment.\",\"breadcrumb\":{\"@id\":\"https:\\\/\\\/chrysalid2-0.fr\\\/psycho-energie\\\/2026-commence-t-elle-vraiment-en-janvier\\\/#breadcrumb\"},\"inLanguage\":\"fr-FR\",\"potentialAction\":[{\"@type\":\"ReadAction\",\"target\":[\"https:\\\/\\\/chrysalid2-0.fr\\\/psycho-energie\\\/2026-commence-t-elle-vraiment-en-janvier\\\/\"]}]},{\"@type\":\"ImageObject\",\"inLanguage\":\"fr-FR\",\"@id\":\"https:\\\/\\\/chrysalid2-0.fr\\\/psycho-energie\\\/2026-commence-t-elle-vraiment-en-janvier\\\/#primaryimage\",\"url\":\"https:\\\/\\\/chrysalid2-0.fr\\\/psycho-energie\\\/wp-content\\\/uploads\\\/sites\\\/4\\\/2026\\\/01\\\/couverture-newsletter-2025.01.16c.jpg\",\"contentUrl\":\"https:\\\/\\\/chrysalid2-0.fr\\\/psycho-energie\\\/wp-content\\\/uploads\\\/sites\\\/4\\\/2026\\\/01\\\/couverture-newsletter-2025.01.16c.jpg\",\"width\":1200,\"height\":630},{\"@type\":\"BreadcrumbList\",\"@id\":\"https:\\\/\\\/chrysalid2-0.fr\\\/psycho-energie\\\/2026-commence-t-elle-vraiment-en-janvier\\\/#breadcrumb\",\"itemListElement\":[{\"@type\":\"ListItem\",\"position\":1,\"name\":\"Accueil\",\"item\":\"https:\\\/\\\/chrysalid2-0.fr\\\/psycho-energie\\\/\"},{\"@type\":\"ListItem\",\"position\":2,\"name\":\"2026 commence-t-elle vraiment en janvier ?\"}]},{\"@type\":\"WebSite\",\"@id\":\"https:\\\/\\\/chrysalid2-0.fr\\\/psycho-energie\\\/#website\",\"url\":\"https:\\\/\\\/chrysalid2-0.fr\\\/psycho-energie\\\/\",\"name\":\"Chrysalid 2.0 - Psycho-\u00e9nergie & Design Humain\",\"description\":\"Osez le chemin de l&#039;authenticit\u00e9 !\",\"publisher\":{\"@id\":\"https:\\\/\\\/chrysalid2-0.fr\\\/psycho-energie\\\/#organization\"},\"alternateName\":\"Chrysalid 2.0\",\"potentialAction\":[{\"@type\":\"SearchAction\",\"target\":{\"@type\":\"EntryPoint\",\"urlTemplate\":\"https:\\\/\\\/chrysalid2-0.fr\\\/psycho-energie\\\/?s={search_term_string}\"},\"query-input\":{\"@type\":\"PropertyValueSpecification\",\"valueRequired\":true,\"valueName\":\"search_term_string\"}}],\"inLanguage\":\"fr-FR\"},{\"@type\":\"Organization\",\"@id\":\"https:\\\/\\\/chrysalid2-0.fr\\\/psycho-energie\\\/#organization\",\"name\":\"Chrysalid 2.0 - Psycho-\u00e9nergie & Design Humain\",\"alternateName\":\"Chrysalid 2.0\",\"url\":\"https:\\\/\\\/chrysalid2-0.fr\\\/psycho-energie\\\/\",\"logo\":{\"@type\":\"ImageObject\",\"inLanguage\":\"fr-FR\",\"@id\":\"https:\\\/\\\/chrysalid2-0.fr\\\/psycho-energie\\\/#\\\/schema\\\/logo\\\/image\\\/\",\"url\":\"https:\\\/\\\/chrysalid2-0.fr\\\/psycho-energie\\\/wp-content\\\/uploads\\\/sites\\\/4\\\/2022\\\/10\\\/logo-chrysalid-2-0-350x350-1.jpg\",\"contentUrl\":\"https:\\\/\\\/chrysalid2-0.fr\\\/psycho-energie\\\/wp-content\\\/uploads\\\/sites\\\/4\\\/2022\\\/10\\\/logo-chrysalid-2-0-350x350-1.jpg\",\"width\":350,\"height\":350,\"caption\":\"Chrysalid 2.0 - Psycho-\u00e9nergie & Design Humain\"},\"image\":{\"@id\":\"https:\\\/\\\/chrysalid2-0.fr\\\/psycho-energie\\\/#\\\/schema\\\/logo\\\/image\\\/\"},\"sameAs\":[\"https:\\\/\\\/www.facebook.com\\\/chrysalid2.0\",\"https:\\\/\\\/www.instagram.com\\\/chrysalid2.0\\\/\",\"https:\\\/\\\/www.linkedin.com\\\/in\\\/sara-berbel-a488a2218\\\/\"]},{\"@type\":\"Person\",\"@id\":\"https:\\\/\\\/chrysalid2-0.fr\\\/psycho-energie\\\/#\\\/schema\\\/person\\\/04d8f8e1d1b61044c4e72b2592e957f8\",\"name\":\"Sara Berbel\",\"image\":{\"@type\":\"ImageObject\",\"inLanguage\":\"fr-FR\",\"@id\":\"https:\\\/\\\/secure.gravatar.com\\\/avatar\\\/473a30678217c2741f6f5a7e151e16e9724b928be725d9bf0fb7682f76889f64?s=96&d=mm&r=g\",\"url\":\"https:\\\/\\\/secure.gravatar.com\\\/avatar\\\/473a30678217c2741f6f5a7e151e16e9724b928be725d9bf0fb7682f76889f64?s=96&d=mm&r=g\",\"contentUrl\":\"https:\\\/\\\/secure.gravatar.com\\\/avatar\\\/473a30678217c2741f6f5a7e151e16e9724b928be725d9bf0fb7682f76889f64?s=96&d=mm&r=g\",\"caption\":\"Sara Berbel\"},\"sameAs\":[\"https:\\\/\\\/chrysalid2-0.fr\"]}]}<\/script>\n<!-- \/ Yoast SEO plugin. -->","yoast_head_json":{"title":"2026 commence-t-elle vraiment en janvier ? - Chrysalid 2.0 (Blog)","description":"2026 commence-t-elle vraiment en janvier ? Une lecture \u00e9nerg\u00e9tique et cyclique pour comprendre le d\u00e9calage, la transition et le juste moment.","robots":{"index":"index","follow":"follow","max-snippet":"max-snippet:-1","max-image-preview":"max-image-preview:large","max-video-preview":"max-video-preview:-1"},"canonical":"https:\/\/chrysalid2-0.fr\/psycho-energie\/2026-commence-t-elle-vraiment-en-janvier\/","og_locale":"fr_FR","og_type":"article","og_title":"2026 commence-t-elle vraiment en janvier ? - Chrysalid 2.0 (Blog)","og_description":"Et si 2026 ne commen\u00e7ait pas en janvier ? Une lecture \u00e9nerg\u00e9tique et cyclique pour comprendre le d\u00e9calage, la transition et le juste moment.","og_url":"https:\/\/chrysalid2-0.fr\/psycho-energie\/2026-commence-t-elle-vraiment-en-janvier\/","og_site_name":"Chrysalid 2.0 - Psycho-\u00e9nergie &amp; Design Humain","article_publisher":"https:\/\/www.facebook.com\/chrysalid2.0","article_published_time":"2026-01-16T03:44:28+00:00","article_modified_time":"2026-01-17T04:21:36+00:00","og_image":[{"width":1200,"height":630,"url":"https:\/\/chrysalid2-0.fr\/psycho-energie\/wp-content\/uploads\/sites\/4\/2026\/01\/couverture-newsletter-2025.01.16c.jpg","type":"image\/jpeg"}],"author":"Sara Berbel","twitter_card":"summary_large_image","twitter_misc":{"\u00c9crit par":"Sara Berbel","Dur\u00e9e de lecture estim\u00e9e":"13 minutes"},"schema":{"@context":"https:\/\/schema.org","@graph":[{"@type":"Article","@id":"https:\/\/chrysalid2-0.fr\/psycho-energie\/2026-commence-t-elle-vraiment-en-janvier\/#article","isPartOf":{"@id":"https:\/\/chrysalid2-0.fr\/psycho-energie\/2026-commence-t-elle-vraiment-en-janvier\/"},"author":{"name":"Sara Berbel","@id":"https:\/\/chrysalid2-0.fr\/psycho-energie\/#\/schema\/person\/04d8f8e1d1b61044c4e72b2592e957f8"},"headline":"2026 commence-t-elle vraiment en janvier ?","datePublished":"2026-01-16T03:44:28+00:00","dateModified":"2026-01-17T04:21:36+00:00","mainEntityOfPage":{"@id":"https:\/\/chrysalid2-0.fr\/psycho-energie\/2026-commence-t-elle-vraiment-en-janvier\/"},"wordCount":1695,"commentCount":0,"publisher":{"@id":"https:\/\/chrysalid2-0.fr\/psycho-energie\/#organization"},"image":{"@id":"https:\/\/chrysalid2-0.fr\/psycho-energie\/2026-commence-t-elle-vraiment-en-janvier\/#primaryimage"},"thumbnailUrl":"https:\/\/chrysalid2-0.fr\/psycho-energie\/wp-content\/uploads\/sites\/4\/2026\/01\/couverture-newsletter-2025.01.16c.jpg","articleSection":["Bulletins \u00e9nerg\u00e9tiques","Voeux"],"inLanguage":"fr-FR","potentialAction":[{"@type":"CommentAction","name":"Comment","target":["https:\/\/chrysalid2-0.fr\/psycho-energie\/2026-commence-t-elle-vraiment-en-janvier\/#respond"]}]},{"@type":"WebPage","@id":"https:\/\/chrysalid2-0.fr\/psycho-energie\/2026-commence-t-elle-vraiment-en-janvier\/","url":"https:\/\/chrysalid2-0.fr\/psycho-energie\/2026-commence-t-elle-vraiment-en-janvier\/","name":"2026 commence-t-elle vraiment en janvier ? - Chrysalid 2.0 (Blog)","isPartOf":{"@id":"https:\/\/chrysalid2-0.fr\/psycho-energie\/#website"},"primaryImageOfPage":{"@id":"https:\/\/chrysalid2-0.fr\/psycho-energie\/2026-commence-t-elle-vraiment-en-janvier\/#primaryimage"},"image":{"@id":"https:\/\/chrysalid2-0.fr\/psycho-energie\/2026-commence-t-elle-vraiment-en-janvier\/#primaryimage"},"thumbnailUrl":"https:\/\/chrysalid2-0.fr\/psycho-energie\/wp-content\/uploads\/sites\/4\/2026\/01\/couverture-newsletter-2025.01.16c.jpg","datePublished":"2026-01-16T03:44:28+00:00","dateModified":"2026-01-17T04:21:36+00:00","description":"2026 commence-t-elle vraiment en janvier ? Une lecture \u00e9nerg\u00e9tique et cyclique pour comprendre le d\u00e9calage, la transition et le juste moment.","breadcrumb":{"@id":"https:\/\/chrysalid2-0.fr\/psycho-energie\/2026-commence-t-elle-vraiment-en-janvier\/#breadcrumb"},"inLanguage":"fr-FR","potentialAction":[{"@type":"ReadAction","target":["https:\/\/chrysalid2-0.fr\/psycho-energie\/2026-commence-t-elle-vraiment-en-janvier\/"]}]},{"@type":"ImageObject","inLanguage":"fr-FR","@id":"https:\/\/chrysalid2-0.fr\/psycho-energie\/2026-commence-t-elle-vraiment-en-janvier\/#primaryimage","url":"https:\/\/chrysalid2-0.fr\/psycho-energie\/wp-content\/uploads\/sites\/4\/2026\/01\/couverture-newsletter-2025.01.16c.jpg","contentUrl":"https:\/\/chrysalid2-0.fr\/psycho-energie\/wp-content\/uploads\/sites\/4\/2026\/01\/couverture-newsletter-2025.01.16c.jpg","width":1200,"height":630},{"@type":"BreadcrumbList","@id":"https:\/\/chrysalid2-0.fr\/psycho-energie\/2026-commence-t-elle-vraiment-en-janvier\/#breadcrumb","itemListElement":[{"@type":"ListItem","position":1,"name":"Accueil","item":"https:\/\/chrysalid2-0.fr\/psycho-energie\/"},{"@type":"ListItem","position":2,"name":"2026 commence-t-elle vraiment en janvier ?"}]},{"@type":"WebSite","@id":"https:\/\/chrysalid2-0.fr\/psycho-energie\/#website","url":"https:\/\/chrysalid2-0.fr\/psycho-energie\/","name":"Chrysalid 2.0 - Psycho-\u00e9nergie & Design Humain","description":"Osez le chemin de l&#039;authenticit\u00e9 !","publisher":{"@id":"https:\/\/chrysalid2-0.fr\/psycho-energie\/#organization"},"alternateName":"Chrysalid 2.0","potentialAction":[{"@type":"SearchAction","target":{"@type":"EntryPoint","urlTemplate":"https:\/\/chrysalid2-0.fr\/psycho-energie\/?s={search_term_string}"},"query-input":{"@type":"PropertyValueSpecification","valueRequired":true,"valueName":"search_term_string"}}],"inLanguage":"fr-FR"},{"@type":"Organization","@id":"https:\/\/chrysalid2-0.fr\/psycho-energie\/#organization","name":"Chrysalid 2.0 - Psycho-\u00e9nergie & Design Humain","alternateName":"Chrysalid 2.0","url":"https:\/\/chrysalid2-0.fr\/psycho-energie\/","logo":{"@type":"ImageObject","inLanguage":"fr-FR","@id":"https:\/\/chrysalid2-0.fr\/psycho-energie\/#\/schema\/logo\/image\/","url":"https:\/\/chrysalid2-0.fr\/psycho-energie\/wp-content\/uploads\/sites\/4\/2022\/10\/logo-chrysalid-2-0-350x350-1.jpg","contentUrl":"https:\/\/chrysalid2-0.fr\/psycho-energie\/wp-content\/uploads\/sites\/4\/2022\/10\/logo-chrysalid-2-0-350x350-1.jpg","width":350,"height":350,"caption":"Chrysalid 2.0 - Psycho-\u00e9nergie & Design Humain"},"image":{"@id":"https:\/\/chrysalid2-0.fr\/psycho-energie\/#\/schema\/logo\/image\/"},"sameAs":["https:\/\/www.facebook.com\/chrysalid2.0","https:\/\/www.instagram.com\/chrysalid2.0\/","https:\/\/www.linkedin.com\/in\/sara-berbel-a488a2218\/"]},{"@type":"Person","@id":"https:\/\/chrysalid2-0.fr\/psycho-energie\/#\/schema\/person\/04d8f8e1d1b61044c4e72b2592e957f8","name":"Sara Berbel","image":{"@type":"ImageObject","inLanguage":"fr-FR","@id":"https:\/\/secure.gravatar.com\/avatar\/473a30678217c2741f6f5a7e151e16e9724b928be725d9bf0fb7682f76889f64?s=96&d=mm&r=g","url":"https:\/\/secure.gravatar.com\/avatar\/473a30678217c2741f6f5a7e151e16e9724b928be725d9bf0fb7682f76889f64?s=96&d=mm&r=g","contentUrl":"https:\/\/secure.gravatar.com\/avatar\/473a30678217c2741f6f5a7e151e16e9724b928be725d9bf0fb7682f76889f64?s=96&d=mm&r=g","caption":"Sara Berbel"},"sameAs":["https:\/\/chrysalid2-0.fr"]}]}},"_links":{"self":[{"href":"https:\/\/chrysalid2-0.fr\/psycho-energie\/wp-json\/wp\/v2\/posts\/13407","targetHints":{"allow":["GET"]}}],"collection":[{"href":"https:\/\/chrysalid2-0.fr\/psycho-energie\/wp-json\/wp\/v2\/posts"}],"about":[{"href":"https:\/\/chrysalid2-0.fr\/psycho-energie\/wp-json\/wp\/v2\/types\/post"}],"author":[{"embeddable":true,"href":"https:\/\/chrysalid2-0.fr\/psycho-energie\/wp-json\/wp\/v2\/users\/1"}],"replies":[{"embeddable":true,"href":"https:\/\/chrysalid2-0.fr\/psycho-energie\/wp-json\/wp\/v2\/comments?post=13407"}],"version-history":[{"count":79,"href":"https:\/\/chrysalid2-0.fr\/psycho-energie\/wp-json\/wp\/v2\/posts\/13407\/revisions"}],"predecessor-version":[{"id":13521,"href":"https:\/\/chrysalid2-0.fr\/psycho-energie\/wp-json\/wp\/v2\/posts\/13407\/revisions\/13521"}],"wp:featuredmedia":[{"embeddable":true,"href":"https:\/\/chrysalid2-0.fr\/psycho-energie\/wp-json\/wp\/v2\/media\/13497"}],"wp:attachment":[{"href":"https:\/\/chrysalid2-0.fr\/psycho-energie\/wp-json\/wp\/v2\/media?parent=13407"}],"wp:term":[{"taxonomy":"category","embeddable":true,"href":"https:\/\/chrysalid2-0.fr\/psycho-energie\/wp-json\/wp\/v2\/categories?post=13407"},{"taxonomy":"post_tag","embeddable":true,"href":"https:\/\/chrysalid2-0.fr\/psycho-energie\/wp-json\/wp\/v2\/tags?post=13407"}],"curies":[{"name":"wp","href":"https:\/\/api.w.org\/{rel}","templated":true}]}}